{"id":472,"date":"2022-10-11T08:05:42","date_gmt":"2022-10-11T08:05:42","guid":{"rendered":"https:\/\/www.stemzasve.eu\/?p=472"},"modified":"2022-10-11T08:05:42","modified_gmt":"2022-10-11T08:05:42","slug":"6-10-svjetski-dan-cerebralne-paralize","status":"publish","type":"post","link":"https:\/\/www.stemzasve.eu\/index.php\/2022\/10\/11\/6-10-svjetski-dan-cerebralne-paralize\/","title":{"rendered":"6.10. SVJETSKI DAN CEREBRALNE PARALIZE"},"content":{"rendered":"<p>[et_pb_section fb_built=&#8221;1&#8243; _builder_version=&#8221;4.16&#8243; _module_preset=&#8221;default&#8221; custom_margin=&#8221;0px||||false|false&#8221; custom_padding=&#8221;0px||||false|false&#8221; global_colors_info=&#8221;{}&#8221; theme_builder_area=&#8221;post_content&#8221;][et_pb_row _builder_version=&#8221;4.16&#8243; _module_preset=&#8221;default&#8221; width=&#8221;98%&#8221; global_colors_info=&#8221;{}&#8221; theme_builder_area=&#8221;post_content&#8221;][et_pb_column type=&#8221;4_4&#8243; _builder_version=&#8221;4.16&#8243; _module_preset=&#8221;default&#8221; global_colors_info=&#8221;{}&#8221; theme_builder_area=&#8221;post_content&#8221;][et_pb_text _builder_version=&#8221;4.18.0&#8243; _module_preset=&#8221;default&#8221; hover_enabled=&#8221;0&#8243; global_colors_info=&#8221;{}&#8221; theme_builder_area=&#8221;post_content&#8221; sticky_enabled=&#8221;0&#8243;]<\/p>\n<div class=\"kvgmc6g5 cxmmr5t8 oygrvhab hcukyx3x c1et5uql ii04i59q\">\n<div dir=\"auto\">\n<div class=\"kvgmc6g5 cxmmr5t8 oygrvhab hcukyx3x c1et5uql ii04i59q\">\n<div dir=\"auto\">\n<div class=\"kvgmc6g5 cxmmr5t8 oygrvhab hcukyx3x c1et5uql ii04i59q\">\n<div dir=\"auto\">\n<div class=\"kvgmc6g5 cxmmr5t8 oygrvhab hcukyx3x c1et5uql ii04i59q\">\n<div dir=\"auto\">\n<div class=\"o9v6fnle cxmmr5t8 oygrvhab hcukyx3x c1et5uql ii04i59q\">\n<div dir=\"auto\">\n<div class=\"gmail_default\">\n<p><strong>Na konferenciji povodom Svjetskog dana cerebralne paralize u organizaciji na\u0161ih partnera <a href=\"https:\/\/web.facebook.com\/HSUCDP\/?__cft__%5b0%5d=AZU3fVVxhZgaQQ5sQcniqEA9X29nr6H0zcDAYE-4Xjg1ZlkibxZ8LbURy8_e8HfNfGPqgQYPDQBE70PPLd7CwKoaTJk8PzW9QatydM8j0uMrqF7nE04GxuGctvA4AOTgudodcul6nRq-oPY14QVZrq9JcU8ABWSoeZ9mhASDE1QQuuwF-uwomGYSUGNwHzKzULM&amp;__tn__=kK-R\">Hrvatski savez udruga cerebralne i dje\u010dje paralize<\/a> posjetili smo <a href=\"https:\/\/web.facebook.com\/inkluzivnafarma\/?__cft__%5b0%5d=AZU3fVVxhZgaQQ5sQcniqEA9X29nr6H0zcDAYE-4Xjg1ZlkibxZ8LbURy8_e8HfNfGPqgQYPDQBE70PPLd7CwKoaTJk8PzW9QatydM8j0uMrqF7nE04GxuGctvA4AOTgudodcul6nRq-oPY14QVZrq9JcU8ABWSoeZ9mhASDE1QQuuwF-uwomGYSUGNwHzKzULM&amp;__tn__=kK-R\">Inkluzivna farma<\/a> kod Petrinje.<\/strong><\/p>\n<p><strong>Inkluzivna farma \u2013 Temelj samostalnog \u017eivota<\/strong> projekt je Udruge osoba s invaliditetom Sisa\u010dko-moslava\u010dke \u017eupanije\u00a0 \u010diji je cilj pobolj\u0161ati socio-ekonomske i \u017eivotne uvjete osoba s invaliditetom te djece i mladih s te\u0161ko\u0107ama u razvoju kroz razvoj i unaprje\u0111enje nove socijalne usluge i pripadaju\u0107ih sadr\u017eaja na podru\u010dju Grada Petrinje.<\/p>\n<p>Osim sudjelovanja kao predava\u010di, \u010duli smo zanimljivosti i novitete iz svijeta asistivne tehnologije, njihove primjene kod osoba s cerebralnom paralizom, STEM tehnologiji u radu s djecom s TUR te primjere dobre prakse.<\/p>\n<p>Na\u0161i drugi partneri <a href=\"https:\/\/web.facebook.com\/pozitivasamobor.hr\/?__cft__%5b0%5d=AZU3fVVxhZgaQQ5sQcniqEA9X29nr6H0zcDAYE-4Xjg1ZlkibxZ8LbURy8_e8HfNfGPqgQYPDQBE70PPLd7CwKoaTJk8PzW9QatydM8j0uMrqF7nE04GxuGctvA4AOTgudodcul6nRq-oPY14QVZrq9JcU8ABWSoeZ9mhASDE1QQuuwF-uwomGYSUGNwHzKzULM&amp;__tn__=kK-R\">Pozitiva Samobor<\/a> tako\u0111er su bili dionici ove hvale vrijedne konferencije &#8211; prezentirali su aktivnost \u201eSTEM u biouzgoju\u201c, pilot radionice unutar projekta STEM ZA SVE koje odr\u017eavamo na njihovoj Greenville edukacijskoj farmi. Veliki interes sudionika zadobio je na\u0161 FarmBot &#8211; robot u poljoprivredi na kojem se u\u010dimo koristiti tehnologiju u odr\u017eivom razvoju.<\/p>\n<p>Razmjena iskustava sa stru\u010dnjacima, osobito predava\u010dicama s <a href=\"https:\/\/web.facebook.com\/profile.php?id=100039449306050&amp;__cft__%5b0%5d=AZU3fVVxhZgaQQ5sQcniqEA9X29nr6H0zcDAYE-4Xjg1ZlkibxZ8LbURy8_e8HfNfGPqgQYPDQBE70PPLd7CwKoaTJk8PzW9QatydM8j0uMrqF7nE04GxuGctvA4AOTgudodcul6nRq-oPY14QVZrq9JcU8ABWSoeZ9mhASDE1QQuuwF-uwomGYSUGNwHzKzULM&amp;__tn__=-%5dK-R\">Edukacijsko-rehabilitacijski fakultet<\/a> i direktan kontakt s korisnicima s te\u0161ko\u0107ama uvelike su utjecale na pripremu STEM kampa za djecu s TUR kojeg u travnju 2023. organiziramo u sklopu projekta STEM ZA SVE.<\/p>\n<p>Svi dionici zaklju\u010dili smo da zajedno \u010dinimo sinergiju, povezujemo prirodu i dru\u0161tvo uz pomo\u0107 tehnologije, ru\u0161imo barijere izme\u0111u zajednice i marginaliziranih \u010dlanova na\u0161eg dru\u0161tva, \u010dinimo ih vrijednima, a dugoro\u010dno, osvjetljujemo im budu\u0107nost.<\/p>\n<p><strong>Zahvaljujemo se ovim putem svim sudionicima na interesu za projekt STEM ZA SVE i suradnji, a osobito partneru HSUCDP na pozivu da budemo dio obilje\u017eavanja njihovog posebnog dana.<\/strong><\/p>\n<p>&nbsp;<\/p>\n<p><em>Sadr\u017eaj objave iskljuciva je odgovornost <a href=\"https:\/\/web.facebook.com\/STEMuVrticu?__cft__%5b0%5d=AZU3fVVxhZgaQQ5sQcniqEA9X29nr6H0zcDAYE-4Xjg1ZlkibxZ8LbURy8_e8HfNfGPqgQYPDQBE70PPLd7CwKoaTJk8PzW9QatydM8j0uMrqF7nE04GxuGctvA4AOTgudodcul6nRq-oPY14QVZrq9JcU8ABWSoeZ9mhASDE1QQuuwF-uwomGYSUGNwHzKzULM&amp;__tn__=-%5dK-R\">Institut za STEM edukaciju &#8211; STEM u vrti\u0107u<\/a><\/em><\/p>\n<p><a href=\"https:\/\/web.facebook.com\/hashtag\/worldcpday?__eep__=6&amp;__cft__%5b0%5d=AZU3fVVxhZgaQQ5sQcniqEA9X29nr6H0zcDAYE-4Xjg1ZlkibxZ8LbURy8_e8HfNfGPqgQYPDQBE70PPLd7CwKoaTJk8PzW9QatydM8j0uMrqF7nE04GxuGctvA4AOTgudodcul6nRq-oPY14QVZrq9JcU8ABWSoeZ9mhASDE1QQuuwF-uwomGYSUGNwHzKzULM&amp;__tn__=*NK-R\">#WorldCPDay<\/a> <a href=\"https:\/\/web.facebook.com\/hashtag\/millionsofreasons?__eep__=6&amp;__cft__%5b0%5d=AZU3fVVxhZgaQQ5sQcniqEA9X29nr6H0zcDAYE-4Xjg1ZlkibxZ8LbURy8_e8HfNfGPqgQYPDQBE70PPLd7CwKoaTJk8PzW9QatydM8j0uMrqF7nE04GxuGctvA4AOTgudodcul6nRq-oPY14QVZrq9JcU8ABWSoeZ9mhASDE1QQuuwF-uwomGYSUGNwHzKzULM&amp;__tn__=*NK-R\">#MillionsOfReasons<\/a> <a href=\"https:\/\/web.facebook.com\/hashtag\/hsucdp?__eep__=6&amp;__cft__%5b0%5d=AZU3fVVxhZgaQQ5sQcniqEA9X29nr6H0zcDAYE-4Xjg1ZlkibxZ8LbURy8_e8HfNfGPqgQYPDQBE70PPLd7CwKoaTJk8PzW9QatydM8j0uMrqF7nE04GxuGctvA4AOTgudodcul6nRq-oPY14QVZrq9JcU8ABWSoeZ9mhASDE1QQuuwF-uwomGYSUGNwHzKzULM&amp;__tn__=*NK-R\">#HSUCDP<\/a> <a href=\"https:\/\/web.facebook.com\/hashtag\/svjetskidancerebralneparalize?__eep__=6&amp;__cft__%5b0%5d=AZU3fVVxhZgaQQ5sQcniqEA9X29nr6H0zcDAYE-4Xjg1ZlkibxZ8LbURy8_e8HfNfGPqgQYPDQBE70PPLd7CwKoaTJk8PzW9QatydM8j0uMrqF7nE04GxuGctvA4AOTgudodcul6nRq-oPY14QVZrq9JcU8ABWSoeZ9mhASDE1QQuuwF-uwomGYSUGNwHzKzULM&amp;__tn__=*NK-R\">#svjetskidancerebralneparalize<\/a><\/p>\n<p><span>\u00a0<\/span><\/p>\n<p>&nbsp;<\/p>\n<p><em>Sadr\u017eaj objave isklju\u010diva je odgovornost Instituta za STEM.<\/em><\/p>\n<p><a href=\"https:\/\/web.facebook.com\/hashtag\/stemeducation?__eep__=6&amp;__cft__%5b0%5d=AZUytY1EvqfKTZuxnugwetbTTsJ-RXEo-AX1lSGfWhs12157fFq7EuxaVXu-EaWmk7JxPTF0qPeb23LBCrHkujOLn0JOdDtaBAA9DjiCAgbf4gZNvG08g6XqvfFzIqrumvD7MBlmAPuPLrZKvpWc83dEpDzkbdO-XpaJAf8Mv3vOJoxaT_J1hWiuCx4aGO1PXOk&amp;__tn__=*NK-R\">#stemeducation<\/a> <a href=\"https:\/\/web.facebook.com\/hashtag\/science?__eep__=6&amp;__cft__%5b0%5d=AZUytY1EvqfKTZuxnugwetbTTsJ-RXEo-AX1lSGfWhs12157fFq7EuxaVXu-EaWmk7JxPTF0qPeb23LBCrHkujOLn0JOdDtaBAA9DjiCAgbf4gZNvG08g6XqvfFzIqrumvD7MBlmAPuPLrZKvpWc83dEpDzkbdO-XpaJAf8Mv3vOJoxaT_J1hWiuCx4aGO1PXOk&amp;__tn__=*NK-R\">#science<\/a> <a href=\"https:\/\/web.facebook.com\/hashtag\/technology?__eep__=6&amp;__cft__%5b0%5d=AZUytY1EvqfKTZuxnugwetbTTsJ-RXEo-AX1lSGfWhs12157fFq7EuxaVXu-EaWmk7JxPTF0qPeb23LBCrHkujOLn0JOdDtaBAA9DjiCAgbf4gZNvG08g6XqvfFzIqrumvD7MBlmAPuPLrZKvpWc83dEpDzkbdO-XpaJAf8Mv3vOJoxaT_J1hWiuCx4aGO1PXOk&amp;__tn__=*NK-R\">#technology<\/a> <a href=\"https:\/\/web.facebook.com\/hashtag\/edtech?__eep__=6&amp;__cft__%5b0%5d=AZUytY1EvqfKTZuxnugwetbTTsJ-RXEo-AX1lSGfWhs12157fFq7EuxaVXu-EaWmk7JxPTF0qPeb23LBCrHkujOLn0JOdDtaBAA9DjiCAgbf4gZNvG08g6XqvfFzIqrumvD7MBlmAPuPLrZKvpWc83dEpDzkbdO-XpaJAf8Mv3vOJoxaT_J1hWiuCx4aGO1PXOk&amp;__tn__=*NK-R\">#EdTech<\/a> <a href=\"https:\/\/web.facebook.com\/hashtag\/asistivnatehnologija?__eep__=6&amp;__cft__%5b0%5d=AZUytY1EvqfKTZuxnugwetbTTsJ-RXEo-AX1lSGfWhs12157fFq7EuxaVXu-EaWmk7JxPTF0qPeb23LBCrHkujOLn0JOdDtaBAA9DjiCAgbf4gZNvG08g6XqvfFzIqrumvD7MBlmAPuPLrZKvpWc83dEpDzkbdO-XpaJAf8Mv3vOJoxaT_J1hWiuCx4aGO1PXOk&amp;__tn__=*NK-R\">#asistivnatehnologija<\/a><\/p>\n<\/div>\n<\/div>\n<\/div>\n<\/div>\n<\/div>\n<\/div>\n<\/div>\n<\/div>\n<\/div>\n<\/div>\n<\/div>\n<p>[\/et_pb_text][\/et_pb_column][\/et_pb_row][et_pb_row _builder_version=&#8221;4.16&#8243; _module_preset=&#8221;default&#8221; global_colors_info=&#8221;{}&#8221; theme_builder_area=&#8221;post_content&#8221;][et_pb_column type=&#8221;4_4&#8243; _builder_version=&#8221;4.16&#8243; _module_preset=&#8221;default&#8221; global_colors_info=&#8221;{}&#8221; theme_builder_area=&#8221;post_content&#8221;][\/et_pb_column][\/et_pb_row][\/et_pb_section]<\/p>\n","protected":false},"excerpt":{"rendered":"<p>Na konferenciji povodom Svjetskog dana cerebralne paralize u organizaciji na\u0161ih partnera Hrvatski savez udruga cerebralne i dje\u010dje paralize posjetili smo Inkluzivna farma kod Petrinje. Inkluzivna farma \u2013 Temelj samostalnog \u017eivota projekt je Udruge osoba s invaliditetom Sisa\u010dko-moslava\u010dke \u017eupanije\u00a0 \u010diji je cilj pobolj\u0161ati socio-ekonomske i \u017eivotne uvjete osoba s invaliditetom te djece i mladih s te\u0161ko\u0107ama [&hellip;]<\/p>\n","protected":false},"author":2,"featured_media":466,"comment_status":"open","ping_status":"open","sticky":false,"template":"","format":"standard","meta":{"_et_pb_use_builder":"on","_et_pb_old_content":"<!-- wp:divi\/placeholder \/-->","_et_gb_content_width":"","footnotes":""},"categories":[2],"tags":[],"class_list":["post-472","post","type-post","status-publish","format-standard","has-post-thumbnail","hentry","category-novosti"],"_links":{"self":[{"href":"https:\/\/www.stemzasve.eu\/index.php\/wp-json\/wp\/v2\/posts\/472","targetHints":{"allow":["GET"]}}],"collection":[{"href":"https:\/\/www.stemzasve.eu\/index.php\/wp-json\/wp\/v2\/posts"}],"about":[{"href":"https:\/\/www.stemzasve.eu\/index.php\/wp-json\/wp\/v2\/types\/post"}],"author":[{"embeddable":true,"href":"https:\/\/www.stemzasve.eu\/index.php\/wp-json\/wp\/v2\/users\/2"}],"replies":[{"embeddable":true,"href":"https:\/\/www.stemzasve.eu\/index.php\/wp-json\/wp\/v2\/comments?post=472"}],"version-history":[{"count":0,"href":"https:\/\/www.stemzasve.eu\/index.php\/wp-json\/wp\/v2\/posts\/472\/revisions"}],"wp:featuredmedia":[{"embeddable":true,"href":"https:\/\/www.stemzasve.eu\/index.php\/wp-json\/wp\/v2\/media\/466"}],"wp:attachment":[{"href":"https:\/\/www.stemzasve.eu\/index.php\/wp-json\/wp\/v2\/media?parent=472"}],"wp:term":[{"taxonomy":"category","embeddable":true,"href":"https:\/\/www.stemzasve.eu\/index.php\/wp-json\/wp\/v2\/categories?post=472"},{"taxonomy":"post_tag","embeddable":true,"href":"https:\/\/www.stemzasve.eu\/index.php\/wp-json\/wp\/v2\/tags?post=472"}],"curies":[{"name":"wp","href":"https:\/\/api.w.org\/{rel}","templated":true}]}}