{"id":272,"date":"2021-09-29T11:16:46","date_gmt":"2021-09-29T11:16:46","guid":{"rendered":"https:\/\/www.stemzasve.eu\/?p=272"},"modified":"2021-09-29T11:16:46","modified_gmt":"2021-09-29T11:16:46","slug":"zahvala-partnerima","status":"publish","type":"post","link":"https:\/\/www.stemzasve.eu\/index.php\/2021\/09\/29\/zahvala-partnerima\/","title":{"rendered":"Zahvala partnerima"},"content":{"rendered":"<p>[et_pb_section fb_built=&#8221;1&#8243; _builder_version=&#8221;4.9.11&#8243; _module_preset=&#8221;default&#8221; custom_margin=&#8221;0px||||false|false&#8221; custom_padding=&#8221;0px||||false|false&#8221; global_colors_info=&#8221;{}&#8221;][et_pb_row _builder_version=&#8221;4.9.11&#8243; _module_preset=&#8221;default&#8221; width=&#8221;98%&#8221; global_colors_info=&#8221;{}&#8221;][et_pb_column type=&#8221;4_4&#8243; _builder_version=&#8221;4.9.11&#8243; _module_preset=&#8221;default&#8221; global_colors_info=&#8221;{}&#8221;][et_pb_text _builder_version=&#8221;4.9.11&#8243; _module_preset=&#8221;default&#8221; hover_enabled=&#8221;0&#8243; global_colors_info=&#8221;{}&#8221; sticky_enabled=&#8221;0&#8243;]<\/p>\n<div class=\"kvgmc6g5 cxmmr5t8 oygrvhab hcukyx3x c1et5uql ii04i59q\">\n<div dir=\"auto\">\n<p>Zahvaljujemo se na\u0161im dragim predava\u010dima i svim partnerima ( <span><a class=\"oajrlxb2 g5ia77u1 qu0x051f esr5mh6w e9989ue4 r7d6kgcz rq0escxv nhd2j8a9 nc684nl6 p7hjln8o kvgmc6g5 cxmmr5t8 oygrvhab hcukyx3x jb3vyjys rz4wbd8a qt6c0cv9 a8nywdso i1ao9s8h esuyzwwr f1sip0of lzcic4wl q66pz984 gpro0wi8 b1v8xokw\" href=\"https:\/\/www.facebook.com\/pozitivasamobor.hr\/?__cft__[0]=AZU5UjV1i9Ahpk4G2tUon4j_b_m6dIx9bNa1zy6nJMXEbhNsI0NKT9Pi-gRlmBvYQL-n-1y3ZbzN4qRW4mOXYaByBE8T1JhNV6qaUv6WQA24cXpwA8TyZ7aN2XZyB3jEezdcORPtRcBZCvxWNNMAZdq7&amp;__tn__=kK-R\" role=\"link\" tabindex=\"0\"><span class=\"nc684nl6\">Pozitiva Samobor<\/span><\/a><\/span> <span><a class=\"oajrlxb2 g5ia77u1 qu0x051f esr5mh6w e9989ue4 r7d6kgcz rq0escxv nhd2j8a9 nc684nl6 p7hjln8o kvgmc6g5 cxmmr5t8 oygrvhab hcukyx3x jb3vyjys rz4wbd8a qt6c0cv9 a8nywdso i1ao9s8h esuyzwwr f1sip0of lzcic4wl q66pz984 gpro0wi8 b1v8xokw\" href=\"https:\/\/www.facebook.com\/centarpricajmi\/?__cft__[0]=AZU5UjV1i9Ahpk4G2tUon4j_b_m6dIx9bNa1zy6nJMXEbhNsI0NKT9Pi-gRlmBvYQL-n-1y3ZbzN4qRW4mOXYaByBE8T1JhNV6qaUv6WQA24cXpwA8TyZ7aN2XZyB3jEezdcORPtRcBZCvxWNNMAZdq7&amp;__tn__=kK-R\" role=\"link\" tabindex=\"0\"><span class=\"nc684nl6\">Centar Pri\u010daj mi<\/span><\/a><\/span> i <span><a class=\"oajrlxb2 g5ia77u1 qu0x051f esr5mh6w e9989ue4 r7d6kgcz rq0escxv nhd2j8a9 nc684nl6 p7hjln8o kvgmc6g5 cxmmr5t8 oygrvhab hcukyx3x jb3vyjys rz4wbd8a qt6c0cv9 a8nywdso i1ao9s8h esuyzwwr f1sip0of lzcic4wl q66pz984 gpro0wi8 b1v8xokw\" href=\"https:\/\/www.facebook.com\/HSUCDP\/?__cft__[0]=AZU5UjV1i9Ahpk4G2tUon4j_b_m6dIx9bNa1zy6nJMXEbhNsI0NKT9Pi-gRlmBvYQL-n-1y3ZbzN4qRW4mOXYaByBE8T1JhNV6qaUv6WQA24cXpwA8TyZ7aN2XZyB3jEezdcORPtRcBZCvxWNNMAZdq7&amp;__tn__=kK-R\" role=\"link\" tabindex=\"0\"><span class=\"nc684nl6\">Hrvatski savez udruga cerebralne i dje\u010dje paralize<\/span><\/a><\/span>) za sudjelovanje u prvim radionicama osobnog razvoja u sklopu na\u0161eg projekta \u201eSTEM za sve\u201c.<\/p>\n<\/div>\n<\/div>\n<div class=\"o9v6fnle cxmmr5t8 oygrvhab hcukyx3x c1et5uql ii04i59q\">\n<div dir=\"auto\">\n<p><span><\/p>\n<p><\/span><\/div>\n<\/div>\n<div class=\"o9v6fnle cxmmr5t8 oygrvhab hcukyx3x c1et5uql ii04i59q\">\n<div dir=\"auto\">Sadr\u017eaj objave isklju\u010diva je odgovornost Instituta za STEM edukaciju i afterschool programe.<\/div>\n<\/div>\n<p>[\/et_pb_text][et_pb_image src=&#8221;https:\/\/www.stemzasve.eu\/wp-content\/uploads\/2021\/09\/001.jpg&#8221; _builder_version=&#8221;4.9.11&#8243; _module_preset=&#8221;default&#8221; title_text=&#8221;001&#8243; show_in_lightbox=&#8221;on&#8221; hover_enabled=&#8221;0&#8243; sticky_enabled=&#8221;0&#8243;][\/et_pb_image][\/et_pb_column][\/et_pb_row][\/et_pb_section]<\/p>\n","protected":false},"excerpt":{"rendered":"<p>Zahvaljujemo se na\u0161im dragim predava\u010dima i svim partnerima ( Pozitiva Samobor Centar Pri\u010daj mi i Hrvatski savez udruga cerebralne i dje\u010dje paralize) za sudjelovanje u prvim radionicama osobnog razvoja u sklopu na\u0161eg projekta \u201eSTEM za sve\u201c. Sadr\u017eaj objave isklju\u010diva je odgovornost Instituta za STEM edukaciju i afterschool programe.<\/p>\n","protected":false},"author":2,"featured_media":274,"comment_status":"open","ping_status":"open","sticky":false,"template":"","format":"standard","meta":{"_et_pb_use_builder":"on","_et_pb_old_content":"<!-- wp:divi\/placeholder \/-->","_et_gb_content_width":"","footnotes":""},"categories":[2],"tags":[],"class_list":["post-272","post","type-post","status-publish","format-standard","has-post-thumbnail","hentry","category-novosti"],"_links":{"self":[{"href":"https:\/\/www.stemzasve.eu\/index.php\/wp-json\/wp\/v2\/posts\/272","targetHints":{"allow":["GET"]}}],"collection":[{"href":"https:\/\/www.stemzasve.eu\/index.php\/wp-json\/wp\/v2\/posts"}],"about":[{"href":"https:\/\/www.stemzasve.eu\/index.php\/wp-json\/wp\/v2\/types\/post"}],"author":[{"embeddable":true,"href":"https:\/\/www.stemzasve.eu\/index.php\/wp-json\/wp\/v2\/users\/2"}],"replies":[{"embeddable":true,"href":"https:\/\/www.stemzasve.eu\/index.php\/wp-json\/wp\/v2\/comments?post=272"}],"version-history":[{"count":0,"href":"https:\/\/www.stemzasve.eu\/index.php\/wp-json\/wp\/v2\/posts\/272\/revisions"}],"wp:featuredmedia":[{"embeddable":true,"href":"https:\/\/www.stemzasve.eu\/index.php\/wp-json\/wp\/v2\/media\/274"}],"wp:attachment":[{"href":"https:\/\/www.stemzasve.eu\/index.php\/wp-json\/wp\/v2\/media?parent=272"}],"wp:term":[{"taxonomy":"category","embeddable":true,"href":"https:\/\/www.stemzasve.eu\/index.php\/wp-json\/wp\/v2\/categories?post=272"},{"taxonomy":"post_tag","embeddable":true,"href":"https:\/\/www.stemzasve.eu\/index.php\/wp-json\/wp\/v2\/tags?post=272"}],"curies":[{"name":"wp","href":"https:\/\/api.w.org\/{rel}","templated":true}]}}