{"id":2008,"date":"2026-04-29T11:37:27","date_gmt":"2026-04-29T09:37:27","guid":{"rendered":"https:\/\/www.stemzasve.eu\/?p=2008"},"modified":"2026-04-29T11:39:03","modified_gmt":"2026-04-29T09:39:03","slug":"svibanj-u-znaku-stem-a-pogledajte-nas-kalendar-aktivnosti","status":"publish","type":"post","link":"https:\/\/www.stemzasve.eu\/index.php\/2026\/04\/29\/svibanj-u-znaku-stem-a-pogledajte-nas-kalendar-aktivnosti\/","title":{"rendered":"Svibanj u znaku STEM-a \u2013 pogledajte na\u0161 kalendar aktivnosti"},"content":{"rendered":"<p data-start=\"65\" data-end=\"207\">U sklopu projekta <strong data-start=\"83\" data-end=\"102\">STEM za sve 2.0<\/strong>, i tijekom mjeseca <strong data-start=\"122\" data-end=\"146\">svibnja 2026. godine<\/strong> nastavljamo s bogatim rasporedom aktivnosti diljem Hrvatske!<\/p>\n<p data-start=\"209\" data-end=\"294\">U prilo\u017eenom kalendaru mo\u017eete prona\u0107i pregled svih planiranih doga\u0111anja, uklju\u010duju\u0107i:<\/p>\n<ul data-start=\"295\" data-end=\"565\">\n<li data-section-id=\"loyvll\" data-start=\"295\" data-end=\"455\"><strong data-start=\"297\" data-end=\"339\">A3 aktivnosti \u2013 SpektaRuralni STEM dan<\/strong>, koje provodimo u odgojno-obrazovnim ustanovama s ciljem pribli\u017eavanja STEM sadr\u017eaja djeci u razli\u010ditim sredinama<\/li>\n<li data-section-id=\"18qgikn\" data-start=\"456\" data-end=\"565\"><strong data-start=\"458\" data-end=\"480\">A4 javna doga\u0111anja<\/strong>, poput STEM \u0161tandova, izlo\u017ebi i natjecanja, koja su <strong data-start=\"533\" data-end=\"565\">otvorena za sve posjetitelje<\/strong><\/li>\n<\/ul>\n<p data-start=\"567\" data-end=\"797\">Pozivamo svu djecu i roditelje da nam se pridru\u017ee na javnim doga\u0111anjima, sudjeluju u interaktivnim aktivnostima i kroz igru i istra\u017eivanje otkriju svijet <strong data-start=\"744\" data-end=\"796\">znanosti, tehnologije, in\u017eenjerstva i matematike<\/strong>.<\/p>\n<p><em>Izneseni stavovi i mi\u0161ljenja samo su autorova i ne odra\u017eavaju nu\u017eno slu\u017ebena stajali\u0161ta Europske unije ili Europske komisije. Ni Europska unija ni Europska komisija ne mogu se smatrati odgovornima za njih.<\/em><\/p>\n<div class=\"x14z9mp xat24cr x1lziwak x1vvkbs xtlvy1s x126k92a\">\n<div dir=\"auto\"><em>Stajali\u0161ta izra\u017eena u ovoj publikaciji isklju\u010diva su odgovornost Institut za STEM edukaciju i afterschool programe i ne odra\u017eavaju nu\u017eno stajali\u0161te Ureda za udruge Vlade Republike Hrvatske.<\/em><\/div>\n<\/div>\n","protected":false},"excerpt":{"rendered":"<p>U sklopu projekta STEM za sve 2.0, i tijekom mjeseca svibnja 2026. godine nastavljamo s bogatim rasporedom aktivnosti diljem Hrvatske! U prilo\u017eenom kalendaru mo\u017eete prona\u0107i pregled svih planiranih doga\u0111anja, uklju\u010duju\u0107i: A3 aktivnosti \u2013 SpektaRuralni STEM dan, koje provodimo u odgojno-obrazovnim ustanovama s ciljem pribli\u017eavanja STEM sadr\u017eaja djeci u razli\u010ditim sredinama A4 javna doga\u0111anja, poput STEM [&hellip;]<\/p>\n","protected":false},"author":4,"featured_media":2011,"comment_status":"open","ping_status":"open","sticky":false,"template":"","format":"standard","meta":{"_et_pb_use_builder":"","_et_pb_old_content":"","_et_gb_content_width":"","footnotes":""},"categories":[2],"tags":[],"class_list":["post-2008","post","type-post","status-publish","format-standard","has-post-thumbnail","hentry","category-novosti"],"_links":{"self":[{"href":"https:\/\/www.stemzasve.eu\/index.php\/wp-json\/wp\/v2\/posts\/2008","targetHints":{"allow":["GET"]}}],"collection":[{"href":"https:\/\/www.stemzasve.eu\/index.php\/wp-json\/wp\/v2\/posts"}],"about":[{"href":"https:\/\/www.stemzasve.eu\/index.php\/wp-json\/wp\/v2\/types\/post"}],"author":[{"embeddable":true,"href":"https:\/\/www.stemzasve.eu\/index.php\/wp-json\/wp\/v2\/users\/4"}],"replies":[{"embeddable":true,"href":"https:\/\/www.stemzasve.eu\/index.php\/wp-json\/wp\/v2\/comments?post=2008"}],"version-history":[{"count":5,"href":"https:\/\/www.stemzasve.eu\/index.php\/wp-json\/wp\/v2\/posts\/2008\/revisions"}],"predecessor-version":[{"id":2015,"href":"https:\/\/www.stemzasve.eu\/index.php\/wp-json\/wp\/v2\/posts\/2008\/revisions\/2015"}],"wp:featuredmedia":[{"embeddable":true,"href":"https:\/\/www.stemzasve.eu\/index.php\/wp-json\/wp\/v2\/media\/2011"}],"wp:attachment":[{"href":"https:\/\/www.stemzasve.eu\/index.php\/wp-json\/wp\/v2\/media?parent=2008"}],"wp:term":[{"taxonomy":"category","embeddable":true,"href":"https:\/\/www.stemzasve.eu\/index.php\/wp-json\/wp\/v2\/categories?post=2008"},{"taxonomy":"post_tag","embeddable":true,"href":"https:\/\/www.stemzasve.eu\/index.php\/wp-json\/wp\/v2\/tags?post=2008"}],"curies":[{"name":"wp","href":"https:\/\/api.w.org\/{rel}","templated":true}]}}