{"id":1488,"date":"2025-09-30T10:40:00","date_gmt":"2025-09-30T08:40:00","guid":{"rendered":"https:\/\/www.stemzasve.eu\/?p=1488"},"modified":"2025-09-30T10:45:04","modified_gmt":"2025-09-30T08:45:04","slug":"sience-on-stage-rovereto-italija-26-28-9-2025","status":"publish","type":"post","link":"https:\/\/www.stemzasve.eu\/index.php\/2025\/09\/30\/sience-on-stage-rovereto-italija-26-28-9-2025\/","title":{"rendered":"Sience on Stage, Rovereto, Italija 26 &#8211; 28.9.2025."},"content":{"rendered":"<p data-start=\"177\" data-end=\"494\">U razdoblju od <strong data-start=\"192\" data-end=\"218\">26. do 28. rujna 2025.<\/strong> sudjelovali smo na presti\u017enom europskom STEM festivalu <strong data-start=\"274\" data-end=\"294\">Science on Stage<\/strong>, odr\u017eanom u <strong data-start=\"307\" data-end=\"328\">Roveretu, Italija<\/strong>. Ovaj me\u0111unarodni doga\u0111aj okuplja nastavnike, edukatore i stru\u010dnjake iz cijele Europe s ciljem razmjene ideja, inovacija i primjera dobre prakse u podru\u010dju STEM-a.<\/p>\n<p data-start=\"177\" data-end=\"494\"><img loading=\"lazy\" decoding=\"async\" class=\"alignnone size-medium wp-image-1495\" src=\"https:\/\/www.stemzasve.eu\/wp-content\/uploads\/2025\/09\/06-1-240x300.png\" alt=\"\" width=\"240\" height=\"300\" \/> <img loading=\"lazy\" decoding=\"async\" class=\"alignnone size-medium wp-image-1494\" src=\"https:\/\/www.stemzasve.eu\/wp-content\/uploads\/2025\/09\/05-2-240x300.png\" alt=\"\" width=\"240\" height=\"300\" \/><\/p>\n<p data-start=\"177\" data-end=\"494\">Sudjelovanje na festivalu ostvareno je <strong data-start=\"507\" data-end=\"588\">u sklopu aktivnosti 1.2.2. \u2013 studijski posjet internacionalnim organizacijama<\/strong>, unutar projekta <strong data-start=\"606\" data-end=\"625\">STEM za sve 2.0<\/strong>, koji je sufinanciran iz <strong data-start=\"651\" data-end=\"686\">Europskog socijalnog fonda Plus<\/strong>.<\/p>\n<p data-start=\"496\" data-end=\"906\">Na festivalu su na\u0161u udrugu predstavljale <strong data-start=\"538\" data-end=\"567\">predsjednica Bo\u017eena Vrgo\u010d<\/strong> i <strong data-start=\"570\" data-end=\"601\">potpredsjednica Marija Ore\u010d<\/strong>, koje su odr\u017eale prezentaciju o radu udruge i predstavile projekt <strong data-start=\"668\" data-end=\"687\">STEM za sve 2.0<\/strong>. Time smo imali priliku pokazati kako svojim aktivnostima doprinosimo ve\u0107oj dostupnosti i kvaliteti STEM obrazovanja u Hrvatskoj, posebice me\u0111u djecom i u\u010denicima.<\/p>\n<p data-start=\"496\" data-end=\"906\"><img loading=\"lazy\" decoding=\"async\" class=\"alignnone size-medium wp-image-1492\" src=\"https:\/\/www.stemzasve.eu\/wp-content\/uploads\/2025\/09\/03-14-240x300.png\" alt=\"\" width=\"240\" height=\"300\" \/> <img loading=\"lazy\" decoding=\"async\" class=\"alignnone size-medium wp-image-1493\" src=\"https:\/\/www.stemzasve.eu\/wp-content\/uploads\/2025\/09\/04-11-240x300.png\" alt=\"\" width=\"240\" height=\"300\" \/> <img loading=\"lazy\" decoding=\"async\" class=\"alignnone size-medium wp-image-1491\" src=\"https:\/\/www.stemzasve.eu\/wp-content\/uploads\/2025\/09\/02-14-240x300.png\" alt=\"\" width=\"240\" height=\"300\" \/><\/p>\n<p data-start=\"908\" data-end=\"1271\">Osim predstavljanja vlastitih iskustava, ovaj festival bio je i prilika za u\u010denje. Imali smo priliku vidjeti brojne <strong data-start=\"1024\" data-end=\"1066\">prakti\u010dne primjere i inovativne metode<\/strong> kojima mo\u017eemo unaprijediti na\u0161e STEM radionice, i to ne samo u radu s u\u010denicima osnovnih i srednjih \u0161kola, ve\u0107 i s <strong data-start=\"1182\" data-end=\"1205\">pred\u0161kolskom djecom<\/strong>, gdje igra i znati\u017eelja predstavljaju klju\u010dne pokreta\u010de u\u010denja.<\/p>\n<p data-start=\"908\" data-end=\"1271\"><img loading=\"lazy\" decoding=\"async\" class=\"alignnone size-medium wp-image-1498\" src=\"https:\/\/www.stemzasve.eu\/wp-content\/uploads\/2025\/09\/09-240x300.png\" alt=\"\" width=\"240\" height=\"300\" \/> <img loading=\"lazy\" decoding=\"async\" class=\"alignnone size-medium wp-image-1497\" src=\"https:\/\/www.stemzasve.eu\/wp-content\/uploads\/2025\/09\/08-240x300.png\" alt=\"\" width=\"240\" height=\"300\" \/> <img loading=\"lazy\" decoding=\"async\" class=\"alignnone size-medium wp-image-1496\" src=\"https:\/\/www.stemzasve.eu\/wp-content\/uploads\/2025\/09\/07-240x300.png\" alt=\"\" width=\"240\" height=\"300\" \/><\/p>\n<p data-start=\"1273\" data-end=\"1564\">Sudjelovanje na <strong data-start=\"1289\" data-end=\"1309\">Science on Stage<\/strong> festivalu dodatno nas je osna\u017eilo i inspiriralo iskustva i ideje koje smo ponijeli iz Rovereta poslu\u017eit \u0107e nam kao dragocjena osnova za razvoj novih, kvalitetnijih i atraktivnijih STEM sadr\u017eaja u nadolaze\u0107im aktivnostima projekta <strong data-start=\"1542\" data-end=\"1561\">STEM za sve 2.0<\/strong>.<\/p>\n<p><em>Izneseni stavovi i mi\u0161ljenja samo su autorova i ne odra\u017eavaju nu\u017eno slu\u017ebena stajali\u0161ta Europske unije ili Europske komisije. Ni Europska unija ni Europska komisija ne mogu se smatrati odgovornima za njih.<\/em><\/p>\n<div class=\"x14z9mp xat24cr x1lziwak x1vvkbs xtlvy1s x126k92a\">\n<div dir=\"auto\"><em>Stajali\u0161ta izra\u017eena u ovoj publikaciji isklju\u010diva su odgovornost Institut za STEM edukaciju i afterschool programe i ne odra\u017eavaju nu\u017eno stajali\u0161te Ureda za udruge Vlade Republike Hrvatske.<\/em><\/div>\n<\/div>\n","protected":false},"excerpt":{"rendered":"<p>U razdoblju od 26. do 28. rujna 2025. sudjelovali smo na presti\u017enom europskom STEM festivalu Science on Stage, odr\u017eanom u Roveretu, Italija. Ovaj me\u0111unarodni doga\u0111aj okuplja nastavnike, edukatore i stru\u010dnjake iz cijele Europe s ciljem razmjene ideja, inovacija i primjera dobre prakse u podru\u010dju STEM-a. Sudjelovanje na festivalu ostvareno je u sklopu aktivnosti 1.2.2. \u2013 [&hellip;]<\/p>\n","protected":false},"author":4,"featured_media":1489,"comment_status":"open","ping_status":"open","sticky":false,"template":"","format":"standard","meta":{"_et_pb_use_builder":"","_et_pb_old_content":"","_et_gb_content_width":"","footnotes":""},"categories":[1],"tags":[],"class_list":["post-1488","post","type-post","status-publish","format-standard","has-post-thumbnail","hentry","category-uncategorized"],"_links":{"self":[{"href":"https:\/\/www.stemzasve.eu\/index.php\/wp-json\/wp\/v2\/posts\/1488","targetHints":{"allow":["GET"]}}],"collection":[{"href":"https:\/\/www.stemzasve.eu\/index.php\/wp-json\/wp\/v2\/posts"}],"about":[{"href":"https:\/\/www.stemzasve.eu\/index.php\/wp-json\/wp\/v2\/types\/post"}],"author":[{"embeddable":true,"href":"https:\/\/www.stemzasve.eu\/index.php\/wp-json\/wp\/v2\/users\/4"}],"replies":[{"embeddable":true,"href":"https:\/\/www.stemzasve.eu\/index.php\/wp-json\/wp\/v2\/comments?post=1488"}],"version-history":[{"count":3,"href":"https:\/\/www.stemzasve.eu\/index.php\/wp-json\/wp\/v2\/posts\/1488\/revisions"}],"predecessor-version":[{"id":1501,"href":"https:\/\/www.stemzasve.eu\/index.php\/wp-json\/wp\/v2\/posts\/1488\/revisions\/1501"}],"wp:featuredmedia":[{"embeddable":true,"href":"https:\/\/www.stemzasve.eu\/index.php\/wp-json\/wp\/v2\/media\/1489"}],"wp:attachment":[{"href":"https:\/\/www.stemzasve.eu\/index.php\/wp-json\/wp\/v2\/media?parent=1488"}],"wp:term":[{"taxonomy":"category","embeddable":true,"href":"https:\/\/www.stemzasve.eu\/index.php\/wp-json\/wp\/v2\/categories?post=1488"},{"taxonomy":"post_tag","embeddable":true,"href":"https:\/\/www.stemzasve.eu\/index.php\/wp-json\/wp\/v2\/tags?post=1488"}],"curies":[{"name":"wp","href":"https:\/\/api.w.org\/{rel}","templated":true}]}}