{"id":1478,"date":"2025-09-25T10:20:07","date_gmt":"2025-09-25T08:20:07","guid":{"rendered":"https:\/\/www.stemzasve.eu\/?p=1478"},"modified":"2025-09-25T10:20:07","modified_gmt":"2025-09-25T08:20:07","slug":"stem-stand-na-dan-otvorenih-vrata-u-djecjem-vrticu-snjesko-u-ravnoj-gori","status":"publish","type":"post","link":"https:\/\/www.stemzasve.eu\/index.php\/2025\/09\/25\/stem-stand-na-dan-otvorenih-vrata-u-djecjem-vrticu-snjesko-u-ravnoj-gori\/","title":{"rendered":"STEM \u0161tand na Dan otvorenih vrata u Dje\u010djem vrti\u0107u Snje\u0161ko u Ravnoj Gori"},"content":{"rendered":"<p>U srijedu, <strong data-start=\"132\" data-end=\"151\">24. rujna 2025.<\/strong>, u sklopu projekta <strong data-start=\"171\" data-end=\"190\">STEM za sve 2.0<\/strong>, postavili smo <strong data-start=\"206\" data-end=\"220\">STEM \u0161tand<\/strong> u okviru aktivnosti A4 \u2013 <em data-start=\"246\" data-end=\"342\">Promocija STEM podru\u010dja kroz manifestacije i znanstveno-popularna doga\u0111anja na javnim mjestima<\/em>. Doga\u0111anje je odr\u017eano tijekom Dana otvorenih vrata u <strong data-start=\"396\" data-end=\"422\">Dje\u010djem vrti\u0107u Snje\u0161ko<\/strong> u Ravnoj Gori, koji slavi svoj peti ro\u0111endan.<\/p>\n<p data-start=\"510\" data-end=\"845\">Posjetitelji \u2013 roditelji, susjedi, mali\u0161ani i svi zaljubljenici u znanost i tehnologiju \u2013 mogli su isprobati razne STEM aktivnosti, sudjelovati u prakti\u010dnim radionicama, upoznati edukativne robote i eksperimentirati uz vodstvo stru\u010dnjaka. Ovo je bila sjajna prilika da se znanost pribli\u017ei svima \u2013 kroz igru, istra\u017eivanje i interakciju.<\/p>\n<p data-start=\"510\" data-end=\"845\"><img loading=\"lazy\" decoding=\"async\" class=\"alignnone size-medium wp-image-1483\" src=\"https:\/\/www.stemzasve.eu\/wp-content\/uploads\/2025\/09\/04-10-300x251.png\" alt=\"\" width=\"300\" height=\"251\" \/> <img loading=\"lazy\" decoding=\"async\" class=\"alignnone size-medium wp-image-1481\" src=\"https:\/\/www.stemzasve.eu\/wp-content\/uploads\/2025\/09\/03-13-300x251.png\" alt=\"\" width=\"300\" height=\"251\" \/><\/p>\n<p data-start=\"847\" data-end=\"985\">Hvala svima koji ste do\u0161li, sudjelovali i pridonijeli da ovaj dan bude poseban. Zajedno stvaramo most izme\u0111u znanja i dje\u010dje radoznalosti.<\/p>\n<p data-start=\"847\" data-end=\"985\"><img loading=\"lazy\" decoding=\"async\" class=\"alignnone size-medium wp-image-1479\" src=\"https:\/\/www.stemzasve.eu\/wp-content\/uploads\/2025\/09\/01-13-300x251.png\" alt=\"\" width=\"300\" height=\"251\" \/><\/p>\n<p data-start=\"987\" data-end=\"1126\">Projekt <em data-start=\"995\" data-end=\"1012\">STEM za sve 2.0<\/em> sufinancira Europska unija i nastavlja donositi STEM sadr\u017eaje u vrti\u0107e, \u0161kole i javne prostore diljem Hrvatske.<\/p>\n<p><em>Izneseni stavovi i mi\u0161ljenja samo su autorova i ne odra\u017eavaju nu\u017eno slu\u017ebena stajali\u0161ta Europske unije ili Europske komisije. Ni Europska unija ni Europska komisija ne mogu se smatrati odgovornima za njih.<\/em><\/p>\n<div class=\"x14z9mp xat24cr x1lziwak x1vvkbs xtlvy1s x126k92a\">\n<div dir=\"auto\"><em>Stajali\u0161ta izra\u017eena u ovoj publikaciji isklju\u010diva su odgovornost Institut za STEM edukaciju i afterschool programe i ne odra\u017eavaju nu\u017eno stajali\u0161te Ureda za udruge Vlade Republike Hrvatske.<\/em><\/div>\n<\/div>\n","protected":false},"excerpt":{"rendered":"<p>U srijedu, 24. rujna 2025., u sklopu projekta STEM za sve 2.0, postavili smo STEM \u0161tand u okviru aktivnosti A4 \u2013 Promocija STEM podru\u010dja kroz manifestacije i znanstveno-popularna doga\u0111anja na javnim mjestima. Doga\u0111anje je odr\u017eano tijekom Dana otvorenih vrata u Dje\u010djem vrti\u0107u Snje\u0161ko u Ravnoj Gori, koji slavi svoj peti ro\u0111endan. Posjetitelji \u2013 roditelji, susjedi, [&hellip;]<\/p>\n","protected":false},"author":4,"featured_media":1484,"comment_status":"open","ping_status":"open","sticky":false,"template":"","format":"standard","meta":{"_et_pb_use_builder":"","_et_pb_old_content":"","_et_gb_content_width":"","footnotes":""},"categories":[2],"tags":[],"class_list":["post-1478","post","type-post","status-publish","format-standard","has-post-thumbnail","hentry","category-novosti"],"_links":{"self":[{"href":"https:\/\/www.stemzasve.eu\/index.php\/wp-json\/wp\/v2\/posts\/1478","targetHints":{"allow":["GET"]}}],"collection":[{"href":"https:\/\/www.stemzasve.eu\/index.php\/wp-json\/wp\/v2\/posts"}],"about":[{"href":"https:\/\/www.stemzasve.eu\/index.php\/wp-json\/wp\/v2\/types\/post"}],"author":[{"embeddable":true,"href":"https:\/\/www.stemzasve.eu\/index.php\/wp-json\/wp\/v2\/users\/4"}],"replies":[{"embeddable":true,"href":"https:\/\/www.stemzasve.eu\/index.php\/wp-json\/wp\/v2\/comments?post=1478"}],"version-history":[{"count":2,"href":"https:\/\/www.stemzasve.eu\/index.php\/wp-json\/wp\/v2\/posts\/1478\/revisions"}],"predecessor-version":[{"id":1486,"href":"https:\/\/www.stemzasve.eu\/index.php\/wp-json\/wp\/v2\/posts\/1478\/revisions\/1486"}],"wp:featuredmedia":[{"embeddable":true,"href":"https:\/\/www.stemzasve.eu\/index.php\/wp-json\/wp\/v2\/media\/1484"}],"wp:attachment":[{"href":"https:\/\/www.stemzasve.eu\/index.php\/wp-json\/wp\/v2\/media?parent=1478"}],"wp:term":[{"taxonomy":"category","embeddable":true,"href":"https:\/\/www.stemzasve.eu\/index.php\/wp-json\/wp\/v2\/categories?post=1478"},{"taxonomy":"post_tag","embeddable":true,"href":"https:\/\/www.stemzasve.eu\/index.php\/wp-json\/wp\/v2\/tags?post=1478"}],"curies":[{"name":"wp","href":"https:\/\/api.w.org\/{rel}","templated":true}]}}