{"id":1467,"date":"2025-09-25T09:31:51","date_gmt":"2025-09-25T07:31:51","guid":{"rendered":"https:\/\/www.stemzasve.eu\/?p=1467"},"modified":"2025-09-25T09:31:51","modified_gmt":"2025-09-25T07:31:51","slug":"spektaruralni-stem-dan-ponovno-u-primorsko-goranskoj-zupaniji","status":"publish","type":"post","link":"https:\/\/www.stemzasve.eu\/index.php\/2025\/09\/25\/spektaruralni-stem-dan-ponovno-u-primorsko-goranskoj-zupaniji\/","title":{"rendered":"SpektaRuralni STEM dan ponovno u Primorsko-goranskoj \u017eupaniji"},"content":{"rendered":"<p data-start=\"107\" data-end=\"373\">Projekt <strong data-start=\"115\" data-end=\"141\">SpektaRuralni STEM dan<\/strong> nastavio je svoje putovanje te se u srijedu, <strong data-start=\"187\" data-end=\"206\">24. rujna 2025.<\/strong>, vratio u <strong data-start=\"217\" data-end=\"248\">Primorsko-goransku \u017eupaniju<\/strong>. Odr\u017eali smo nove <strong data-start=\"267\" data-end=\"285\">STEM radionice<\/strong> u <strong data-start=\"288\" data-end=\"327\">Dje\u010djem vrti\u0107u Hlojkica u Delnicama<\/strong> i <strong data-start=\"330\" data-end=\"370\">Dje\u010djem vrti\u0107u Snje\u0161ko u Ravnoj Gori<\/strong>.<\/p>\n<p data-start=\"107\" data-end=\"373\"><img loading=\"lazy\" decoding=\"async\" class=\"alignnone size-medium wp-image-1468\" src=\"https:\/\/www.stemzasve.eu\/wp-content\/uploads\/2025\/09\/01-12-300x251.png\" alt=\"\" width=\"300\" height=\"251\" \/> <img loading=\"lazy\" decoding=\"async\" class=\"alignnone size-medium wp-image-1469\" src=\"https:\/\/www.stemzasve.eu\/wp-content\/uploads\/2025\/09\/02-11-240x300.png\" alt=\"\" width=\"240\" height=\"300\" \/><\/p>\n<p data-start=\"375\" data-end=\"586\">Posebno nam je drago \u0161to je <strong data-start=\"403\" data-end=\"417\">DV Snje\u0161ko<\/strong> na\u0161 partner na projektu <strong data-start=\"442\" data-end=\"461\">STEM za sve 2.0<\/strong>, \u010dime dodatno potvr\u0111ujemo va\u017enost suradnje s lokalnim ustanovama u pribli\u017eavanju STEM sadr\u017eaja djeci u ruralnim sredinama.<\/p>\n<p data-start=\"375\" data-end=\"586\"><img loading=\"lazy\" decoding=\"async\" class=\"alignnone size-medium wp-image-1471\" src=\"https:\/\/www.stemzasve.eu\/wp-content\/uploads\/2025\/09\/04-8-240x300.png\" alt=\"\" width=\"240\" height=\"300\" \/> <img loading=\"lazy\" decoding=\"async\" class=\"alignnone size-medium wp-image-1472\" src=\"https:\/\/www.stemzasve.eu\/wp-content\/uploads\/2025\/09\/02-12-240x300.png\" alt=\"\" width=\"240\" height=\"300\" \/><\/p>\n<p data-start=\"588\" data-end=\"837\">Radionice su, kao i uvijek, pro\u0161le u znaku veselja, igre i istra\u017eivanja. Djeca su imala priliku otkrivati nove vje\u0161tine i upoznavati se s osnovama tehnologije i programiranja kroz zabavne aktivnosti koje poti\u010du znati\u017eelju i kreativno razmi\u0161ljanje.<\/p>\n<p data-start=\"588\" data-end=\"837\"><img loading=\"lazy\" decoding=\"async\" class=\"alignnone size-medium wp-image-1474\" src=\"https:\/\/www.stemzasve.eu\/wp-content\/uploads\/2025\/09\/04-9-240x300.png\" alt=\"\" width=\"240\" height=\"300\" \/><\/p>\n<p data-start=\"839\" data-end=\"1003\">Projekt <em data-start=\"847\" data-end=\"864\">STEM za sve 2.0<\/em> sufinanciran je sredstvima Europske unije i osigurava da STEM postane dostupan i zanimljiv svim generacijama, u svim krajevima Hrvatske.<\/p>\n<p><em>Izneseni stavovi i mi\u0161ljenja samo su autorova i ne odra\u017eavaju nu\u017eno slu\u017ebena stajali\u0161ta Europske unije ili Europske komisije. Ni Europska unija ni Europska komisija ne mogu se smatrati odgovornima za njih.<\/em><\/p>\n<div class=\"x14z9mp xat24cr x1lziwak x1vvkbs xtlvy1s x126k92a\">\n<div dir=\"auto\"><em>Stajali\u0161ta izra\u017eena u ovoj publikaciji isklju\u010diva su odgovornost Institut za STEM edukaciju i afterschool programe i ne odra\u017eavaju nu\u017eno stajali\u0161te Ureda za udruge Vlade Republike Hrvatske.<\/em><\/div>\n<\/div>\n","protected":false},"excerpt":{"rendered":"<p>Projekt SpektaRuralni STEM dan nastavio je svoje putovanje te se u srijedu, 24. rujna 2025., vratio u Primorsko-goransku \u017eupaniju. Odr\u017eali smo nove STEM radionice u Dje\u010djem vrti\u0107u Hlojkica u Delnicama i Dje\u010djem vrti\u0107u Snje\u0161ko u Ravnoj Gori. Posebno nam je drago \u0161to je DV Snje\u0161ko na\u0161 partner na projektu STEM za sve 2.0, \u010dime dodatno [&hellip;]<\/p>\n","protected":false},"author":4,"featured_media":1475,"comment_status":"open","ping_status":"open","sticky":false,"template":"","format":"standard","meta":{"_et_pb_use_builder":"","_et_pb_old_content":"","_et_gb_content_width":"","footnotes":""},"categories":[2],"tags":[],"class_list":["post-1467","post","type-post","status-publish","format-standard","has-post-thumbnail","hentry","category-novosti"],"_links":{"self":[{"href":"https:\/\/www.stemzasve.eu\/index.php\/wp-json\/wp\/v2\/posts\/1467","targetHints":{"allow":["GET"]}}],"collection":[{"href":"https:\/\/www.stemzasve.eu\/index.php\/wp-json\/wp\/v2\/posts"}],"about":[{"href":"https:\/\/www.stemzasve.eu\/index.php\/wp-json\/wp\/v2\/types\/post"}],"author":[{"embeddable":true,"href":"https:\/\/www.stemzasve.eu\/index.php\/wp-json\/wp\/v2\/users\/4"}],"replies":[{"embeddable":true,"href":"https:\/\/www.stemzasve.eu\/index.php\/wp-json\/wp\/v2\/comments?post=1467"}],"version-history":[{"count":2,"href":"https:\/\/www.stemzasve.eu\/index.php\/wp-json\/wp\/v2\/posts\/1467\/revisions"}],"predecessor-version":[{"id":1477,"href":"https:\/\/www.stemzasve.eu\/index.php\/wp-json\/wp\/v2\/posts\/1467\/revisions\/1477"}],"wp:featuredmedia":[{"embeddable":true,"href":"https:\/\/www.stemzasve.eu\/index.php\/wp-json\/wp\/v2\/media\/1475"}],"wp:attachment":[{"href":"https:\/\/www.stemzasve.eu\/index.php\/wp-json\/wp\/v2\/media?parent=1467"}],"wp:term":[{"taxonomy":"category","embeddable":true,"href":"https:\/\/www.stemzasve.eu\/index.php\/wp-json\/wp\/v2\/categories?post=1467"},{"taxonomy":"post_tag","embeddable":true,"href":"https:\/\/www.stemzasve.eu\/index.php\/wp-json\/wp\/v2\/tags?post=1467"}],"curies":[{"name":"wp","href":"https:\/\/api.w.org\/{rel}","templated":true}]}}