{"id":1459,"date":"2025-09-22T18:23:53","date_gmt":"2025-09-22T16:23:53","guid":{"rendered":"https:\/\/www.stemzasve.eu\/?p=1459"},"modified":"2025-09-22T18:23:53","modified_gmt":"2025-09-22T16:23:53","slug":"stem-izlozba-u-vinkovcima-znanost-i-tehnologija-dostupna-svima","status":"publish","type":"post","link":"https:\/\/www.stemzasve.eu\/index.php\/2025\/09\/22\/stem-izlozba-u-vinkovcima-znanost-i-tehnologija-dostupna-svima\/","title":{"rendered":"STEM izlo\u017eba u Vinkovcima \u2013 znanost i tehnologija dostupna svima"},"content":{"rendered":"<p data-start=\"107\" data-end=\"441\">U sklopu projekta <strong data-start=\"125\" data-end=\"144\">STEM za sve 2.0<\/strong>, u nedjelju <strong data-start=\"157\" data-end=\"176\">21. rujna 2025.<\/strong>, organizirali smo <strong data-start=\"195\" data-end=\"211\">STEM izlo\u017ebu<\/strong> u prostorijama <strong data-start=\"227\" data-end=\"270\">Gradskog dru\u0161tva Crvenog kri\u017ea Vinkovci<\/strong>. Aktivnost je provedena u okviru A4 \u2013 <em data-start=\"309\" data-end=\"438\">Promocija STEM podru\u010dja kroz organizaciju manifestacija i znanstveno-popularnih doga\u0111anja za djecu i u\u010denike na javnim mjestima<\/em>.<\/p>\n<p data-start=\"107\" data-end=\"441\"><img loading=\"lazy\" decoding=\"async\" class=\"alignnone size-medium wp-image-1460\" src=\"https:\/\/www.stemzasve.eu\/wp-content\/uploads\/2025\/09\/01-11-240x300.png\" alt=\"\" width=\"240\" height=\"300\" \/> <img loading=\"lazy\" decoding=\"async\" class=\"alignnone size-medium wp-image-1461\" src=\"https:\/\/www.stemzasve.eu\/wp-content\/uploads\/2025\/09\/02-10-300x251.png\" alt=\"\" width=\"300\" height=\"251\" \/><\/p>\n<p data-start=\"443\" data-end=\"802\">Izlo\u017eba je privukla djecu, roditelje i zainteresirane gra\u0111ane, a svi posjetitelji imali su priliku istra\u017eiti zanimljive sadr\u017eaje iz podru\u010dja znanosti, tehnologije, in\u017eenjerstva i matematike. Kroz interaktivne prikaze i prakti\u010dne primjere, STEM je predstavljen kao podru\u010dje koje povezuje igru i u\u010denje te poti\u010de kreativnost i inovativnost kod djece i mladih.<\/p>\n<p data-start=\"443\" data-end=\"802\"><img loading=\"lazy\" decoding=\"async\" class=\"alignnone size-medium wp-image-1463\" src=\"https:\/\/www.stemzasve.eu\/wp-content\/uploads\/2025\/09\/04-7-240x300.png\" alt=\"\" width=\"240\" height=\"300\" \/> <img loading=\"lazy\" decoding=\"async\" class=\"alignnone size-medium wp-image-1462\" src=\"https:\/\/www.stemzasve.eu\/wp-content\/uploads\/2025\/09\/03-10-240x300.png\" alt=\"\" width=\"240\" height=\"300\" \/><\/p>\n<p data-start=\"804\" data-end=\"987\">Ovakva doga\u0111anja imaju za cilj pribli\u017eiti STEM zajednici, razviti interes za znanstveno razmi\u0161ljanje i potaknuti stvaranje pozitivnog okru\u017eenja za obrazovanje i cjelo\u017eivotno u\u010denje.<\/p>\n<p data-start=\"989\" data-end=\"1131\">Zahvaljujemo Gradskom dru\u0161tvu Crvenog kri\u017ea Vinkovci na suradnji i podr\u0161ci te svim posjetiteljima koji su svojim dolaskom uveli\u010dali doga\u0111aj.<\/p>\n<p data-start=\"1133\" data-end=\"1270\">Projekt <em data-start=\"1141\" data-end=\"1158\">STEM za sve 2.0<\/em> sufinanciran je iz Europskog socijalnog fonda Plus i nastavlja donositi STEM iskustva djeci i mladima diljem Hrvatske.<\/p>\n<p><em>Izneseni stavovi i mi\u0161ljenja samo su autorova i ne odra\u017eavaju nu\u017eno slu\u017ebena stajali\u0161ta Europske unije ili Europske komisije. Ni Europska unija ni Europska komisija ne mogu se smatrati odgovornima za njih.<\/em><\/p>\n<div class=\"x14z9mp xat24cr x1lziwak x1vvkbs xtlvy1s x126k92a\">\n<div dir=\"auto\"><em>Stajali\u0161ta izra\u017eena u ovoj publikaciji isklju\u010diva su odgovornost Institut za STEM edukaciju i afterschool programe i ne odra\u017eavaju nu\u017eno stajali\u0161te Ureda za udruge Vlade Republike Hrvatske.<\/em><\/div>\n<\/div>\n","protected":false},"excerpt":{"rendered":"<p>U sklopu projekta STEM za sve 2.0, u nedjelju 21. rujna 2025., organizirali smo STEM izlo\u017ebu u prostorijama Gradskog dru\u0161tva Crvenog kri\u017ea Vinkovci. Aktivnost je provedena u okviru A4 \u2013 Promocija STEM podru\u010dja kroz organizaciju manifestacija i znanstveno-popularnih doga\u0111anja za djecu i u\u010denike na javnim mjestima. Izlo\u017eba je privukla djecu, roditelje i zainteresirane gra\u0111ane, a [&hellip;]<\/p>\n","protected":false},"author":4,"featured_media":1464,"comment_status":"open","ping_status":"open","sticky":false,"template":"","format":"standard","meta":{"_et_pb_use_builder":"","_et_pb_old_content":"","_et_gb_content_width":"","footnotes":""},"categories":[1],"tags":[],"class_list":["post-1459","post","type-post","status-publish","format-standard","has-post-thumbnail","hentry","category-uncategorized"],"_links":{"self":[{"href":"https:\/\/www.stemzasve.eu\/index.php\/wp-json\/wp\/v2\/posts\/1459","targetHints":{"allow":["GET"]}}],"collection":[{"href":"https:\/\/www.stemzasve.eu\/index.php\/wp-json\/wp\/v2\/posts"}],"about":[{"href":"https:\/\/www.stemzasve.eu\/index.php\/wp-json\/wp\/v2\/types\/post"}],"author":[{"embeddable":true,"href":"https:\/\/www.stemzasve.eu\/index.php\/wp-json\/wp\/v2\/users\/4"}],"replies":[{"embeddable":true,"href":"https:\/\/www.stemzasve.eu\/index.php\/wp-json\/wp\/v2\/comments?post=1459"}],"version-history":[{"count":2,"href":"https:\/\/www.stemzasve.eu\/index.php\/wp-json\/wp\/v2\/posts\/1459\/revisions"}],"predecessor-version":[{"id":1466,"href":"https:\/\/www.stemzasve.eu\/index.php\/wp-json\/wp\/v2\/posts\/1459\/revisions\/1466"}],"wp:featuredmedia":[{"embeddable":true,"href":"https:\/\/www.stemzasve.eu\/index.php\/wp-json\/wp\/v2\/media\/1464"}],"wp:attachment":[{"href":"https:\/\/www.stemzasve.eu\/index.php\/wp-json\/wp\/v2\/media?parent=1459"}],"wp:term":[{"taxonomy":"category","embeddable":true,"href":"https:\/\/www.stemzasve.eu\/index.php\/wp-json\/wp\/v2\/categories?post=1459"},{"taxonomy":"post_tag","embeddable":true,"href":"https:\/\/www.stemzasve.eu\/index.php\/wp-json\/wp\/v2\/tags?post=1459"}],"curies":[{"name":"wp","href":"https:\/\/api.w.org\/{rel}","templated":true}]}}