{"id":1430,"date":"2025-09-19T19:29:12","date_gmt":"2025-09-19T17:29:12","guid":{"rendered":"https:\/\/www.stemzasve.eu\/?p=1430"},"modified":"2025-09-19T19:29:12","modified_gmt":"2025-09-19T17:29:12","slug":"nastavak-spektaruralnog-stem-dana-u-vukovarsko-srijemskoj-zupaniji","status":"publish","type":"post","link":"https:\/\/www.stemzasve.eu\/index.php\/2025\/09\/19\/nastavak-spektaruralnog-stem-dana-u-vukovarsko-srijemskoj-zupaniji\/","title":{"rendered":"Nastavak SpektaRuralnog STEM dana u Vukovarsko-srijemskoj \u017eupaniji"},"content":{"rendered":"<p data-start=\"190\" data-end=\"597\">Projekt <em data-start=\"198\" data-end=\"222\">SpektaRuralni STEM dan<\/em> i dalje \u0161iri STEM veselje u <strong data-start=\"251\" data-end=\"285\">Vukovarsko-srijemskoj \u017eupaniji<\/strong>, a dana\u0161nji dan, <strong data-start=\"303\" data-end=\"322\">19. rujna 2025.<\/strong>, donio je niz uzbudljivih radionica u vrti\u0107ima i \u0161koli. Posjetili smo <strong data-start=\"393\" data-end=\"429\">Dje\u010dji vrti\u0107 Mladost u Vo\u0111incima<\/strong>, <strong data-start=\"431\" data-end=\"480\">Dje\u010dji vrti\u0107 Ivankovo \u2013 Podru\u010dni objekt Sunce<\/strong>, <strong data-start=\"482\" data-end=\"526\">Osnovnu \u0161kolu Augusta Cesarca u Ivankovu, ovoga puta 2. razred<\/strong>\u00a0te <strong data-start=\"530\" data-end=\"594\">Dje\u010dji vrti\u0107 Ivankovo \u2013 Podru\u010dni objekt P\u010delica u Retkovcima<\/strong>.<\/p>\n<p data-start=\"190\" data-end=\"597\"><img loading=\"lazy\" decoding=\"async\" class=\"alignnone size-medium wp-image-1435\" src=\"https:\/\/www.stemzasve.eu\/wp-content\/uploads\/2025\/09\/01-6-300x251.png\" alt=\"\" width=\"300\" height=\"251\" \/> <img loading=\"lazy\" decoding=\"async\" class=\"alignnone size-medium wp-image-1436\" src=\"https:\/\/www.stemzasve.eu\/wp-content\/uploads\/2025\/09\/02-6-240x300.png\" alt=\"\" width=\"240\" height=\"300\" \/><\/p>\n<p data-start=\"599\" data-end=\"1021\">Djeca su kroz igru i istra\u017eivanje otkrivala svijet tehnologije i programiranja uz pomo\u0107 edukativnih roboti\u0107a, a osmijesi i znati\u017eelja pratili su svaku aktivnost. No, ovaj dan bio je poseban i po tome \u0161to su se u radionice aktivno uklju\u010dile i <strong data-start=\"841\" data-end=\"859\">tete iz vrti\u0107a<\/strong>. One su zajedno s djecom isprobavale nove mogu\u0107nosti koje pru\u017eaju roboti\u0107i te pokazale koliko je va\u017eno u\u010diti i otkrivati nove vje\u0161tine u suradnji s najmla\u0111ima.<\/p>\n<p data-start=\"599\" data-end=\"1021\"><img loading=\"lazy\" decoding=\"async\" class=\"alignnone size-medium wp-image-1434\" src=\"https:\/\/www.stemzasve.eu\/wp-content\/uploads\/2025\/09\/04-2-240x300.png\" alt=\"\" width=\"240\" height=\"300\" \/> <img loading=\"lazy\" decoding=\"async\" class=\"alignnone size-medium wp-image-1439\" src=\"https:\/\/www.stemzasve.eu\/wp-content\/uploads\/2025\/09\/02-7-240x300.png\" alt=\"\" width=\"240\" height=\"300\" \/><\/p>\n<p data-start=\"1023\" data-end=\"1233\">Na taj na\u010din, SpektaRuralni STEM dan ponovno je potvrdio svoju osnovnu misiju \u2013 pribli\u017eiti STEM svima, u\u010diniti ga dostupnim i zanimljivim, te potaknuti zajedni\u010dko u\u010denje i razvoj, kako djece, tako i odraslih.<\/p>\n<p data-start=\"1023\" data-end=\"1233\"><img loading=\"lazy\" decoding=\"async\" class=\"alignnone size-medium wp-image-1445\" src=\"https:\/\/www.stemzasve.eu\/wp-content\/uploads\/2025\/09\/04-4-240x300.png\" alt=\"\" width=\"240\" height=\"300\" \/> <img loading=\"lazy\" decoding=\"async\" class=\"alignnone size-medium wp-image-1444\" src=\"https:\/\/www.stemzasve.eu\/wp-content\/uploads\/2025\/09\/03-8-240x300.png\" alt=\"\" width=\"240\" height=\"300\" \/><\/p>\n<p data-start=\"1235\" data-end=\"1422\">Zahvaljujemo svim vrti\u0107ima i \u0161koli na gostoprimstvu i suradnji, a malim i velikim sudionicima na otvorenosti, entuzijazmu i spremnosti da poka\u017eu da STEM doista mo\u017ee povezati generacije.<\/p>\n<p data-start=\"1424\" data-end=\"1564\">Projekt <em data-start=\"1432\" data-end=\"1456\">SpektaRuralni STEM dan<\/em> nastavlja svoje putovanje i u narednim danima donosi nove radionice i nova STEM iskustva diljem Hrvatske.<\/p>\n<p><em>Izneseni stavovi i mi\u0161ljenja samo su autorova i ne odra\u017eavaju nu\u017eno slu\u017ebena stajali\u0161ta Europske unije ili Europske komisije. Ni Europska unija ni Europska komisija ne mogu se smatrati odgovornima za njih.<\/em><\/p>\n<div class=\"x14z9mp xat24cr x1lziwak x1vvkbs xtlvy1s x126k92a\">\n<div dir=\"auto\"><em>Stajali\u0161ta izra\u017eena u ovoj publikaciji isklju\u010diva su odgovornost Institut za STEM edukaciju i afterschool programe i ne odra\u017eavaju nu\u017eno stajali\u0161te Ureda za udruge Vlade Republike Hrvatske.<\/em><\/div>\n<\/div>\n","protected":false},"excerpt":{"rendered":"<p>Projekt SpektaRuralni STEM dan i dalje \u0161iri STEM veselje u Vukovarsko-srijemskoj \u017eupaniji, a dana\u0161nji dan, 19. rujna 2025., donio je niz uzbudljivih radionica u vrti\u0107ima i \u0161koli. Posjetili smo Dje\u010dji vrti\u0107 Mladost u Vo\u0111incima, Dje\u010dji vrti\u0107 Ivankovo \u2013 Podru\u010dni objekt Sunce, Osnovnu \u0161kolu Augusta Cesarca u Ivankovu, ovoga puta 2. razred\u00a0te Dje\u010dji vrti\u0107 Ivankovo \u2013 [&hellip;]<\/p>\n","protected":false},"author":4,"featured_media":1446,"comment_status":"open","ping_status":"open","sticky":false,"template":"","format":"standard","meta":{"_et_pb_use_builder":"","_et_pb_old_content":"","_et_gb_content_width":"","footnotes":""},"categories":[2],"tags":[],"class_list":["post-1430","post","type-post","status-publish","format-standard","has-post-thumbnail","hentry","category-novosti"],"_links":{"self":[{"href":"https:\/\/www.stemzasve.eu\/index.php\/wp-json\/wp\/v2\/posts\/1430","targetHints":{"allow":["GET"]}}],"collection":[{"href":"https:\/\/www.stemzasve.eu\/index.php\/wp-json\/wp\/v2\/posts"}],"about":[{"href":"https:\/\/www.stemzasve.eu\/index.php\/wp-json\/wp\/v2\/types\/post"}],"author":[{"embeddable":true,"href":"https:\/\/www.stemzasve.eu\/index.php\/wp-json\/wp\/v2\/users\/4"}],"replies":[{"embeddable":true,"href":"https:\/\/www.stemzasve.eu\/index.php\/wp-json\/wp\/v2\/comments?post=1430"}],"version-history":[{"count":2,"href":"https:\/\/www.stemzasve.eu\/index.php\/wp-json\/wp\/v2\/posts\/1430\/revisions"}],"predecessor-version":[{"id":1448,"href":"https:\/\/www.stemzasve.eu\/index.php\/wp-json\/wp\/v2\/posts\/1430\/revisions\/1448"}],"wp:featuredmedia":[{"embeddable":true,"href":"https:\/\/www.stemzasve.eu\/index.php\/wp-json\/wp\/v2\/media\/1446"}],"wp:attachment":[{"href":"https:\/\/www.stemzasve.eu\/index.php\/wp-json\/wp\/v2\/media?parent=1430"}],"wp:term":[{"taxonomy":"category","embeddable":true,"href":"https:\/\/www.stemzasve.eu\/index.php\/wp-json\/wp\/v2\/categories?post=1430"},{"taxonomy":"post_tag","embeddable":true,"href":"https:\/\/www.stemzasve.eu\/index.php\/wp-json\/wp\/v2\/tags?post=1430"}],"curies":[{"name":"wp","href":"https:\/\/api.w.org\/{rel}","templated":true}]}}