{"id":1344,"date":"2025-07-28T16:41:29","date_gmt":"2025-07-28T14:41:29","guid":{"rendered":"https:\/\/www.stemzasve.eu\/?p=1344"},"modified":"2025-07-28T16:41:29","modified_gmt":"2025-07-28T14:41:29","slug":"stem-aktivnosti-obogatile-djecje-stvaralastvo-u-voloskom-i-iki","status":"publish","type":"post","link":"https:\/\/www.stemzasve.eu\/index.php\/2025\/07\/28\/stem-aktivnosti-obogatile-djecje-stvaralastvo-u-voloskom-i-iki\/","title":{"rendered":"STEM aktivnosti obogatile dje\u010dje stvarala\u0161tvo u Voloskom i Iki"},"content":{"rendered":"<p data-start=\"255\" data-end=\"417\">Krajem srpnja 2025., to\u010dnije 25.7.2025., kreativnost i znanost susreli su se na Kvarneru kroz dvije uspje\u0161no provedene aktivnosti koje promi\u010du STEM vrijednosti me\u0111u djecom i mladima.<\/p>\n<p data-start=\"419\" data-end=\"885\">U inspirativnom prostoru <strong data-start=\"444\" data-end=\"472\">Atelijea Vova u Voloskom<\/strong>, odr\u017eano je <strong data-start=\"485\" data-end=\"504\">STEM natjecanje<\/strong> koje je privuklo brojne male znanstvenike i entuzijaste \u017eeljne izazova. Kroz pa\u017eljivo osmi\u0161ljene zadatke i poligone, djeca su imala priliku pokazati svoju snala\u017eljivost, logi\u010dko razmi\u0161ljanje i tehni\u010dke vje\u0161tine u rje\u0161avanju problemskih situacija. Natjecanje je istaknulo va\u017enost povezivanja kreativnog izraza i tehni\u010dke pismenosti, upravo onako kako suvremeno obrazovanje i tra\u017ei.<\/p>\n<p data-start=\"419\" data-end=\"885\"><img loading=\"lazy\" decoding=\"async\" class=\"alignnone size-medium wp-image-1345\" src=\"https:\/\/www.stemzasve.eu\/wp-content\/uploads\/2025\/07\/01-7-300x251.png\" alt=\"\" width=\"300\" height=\"251\" \/> <img loading=\"lazy\" decoding=\"async\" class=\"alignnone size-medium wp-image-1346\" src=\"https:\/\/www.stemzasve.eu\/wp-content\/uploads\/2025\/07\/02-10-240x300.png\" alt=\"\" width=\"240\" height=\"300\" \/><\/p>\n<p data-start=\"887\" data-end=\"1271\">Paralelno s tim, u sklopu <strong data-start=\"913\" data-end=\"956\">Festivala dje\u010djeg stvarala\u0161tva IkOpri\u010da<\/strong>, u organizaciji <strong data-start=\"973\" data-end=\"1001\">Mjesnog odbora Ika-Opri\u010d<\/strong>, postavljen je interaktivni <strong data-start=\"1030\" data-end=\"1044\">STEM \u0161tand<\/strong>. Posjetitelji festivala djeca, roditelji i svi zainteresirani imali su priliku upoznati se s osnovama robotike, tehnologije i znanstvenog razmi\u0161ljanja kroz zabavne i edukativne aktivnosti prilago\u0111ene svim dobnim skupinama.<\/p>\n<p data-start=\"887\" data-end=\"1271\"><img loading=\"lazy\" decoding=\"async\" class=\"alignnone size-medium wp-image-1350\" src=\"https:\/\/www.stemzasve.eu\/wp-content\/uploads\/2025\/07\/02-11-240x300.png\" alt=\"\" width=\"240\" height=\"300\" \/> <img loading=\"lazy\" decoding=\"async\" class=\"alignnone size-medium wp-image-1352\" src=\"https:\/\/www.stemzasve.eu\/wp-content\/uploads\/2025\/07\/04-7-240x300.png\" alt=\"\" width=\"240\" height=\"300\" \/><\/p>\n<p data-start=\"1273\" data-end=\"1472\">Obje aktivnosti bile su dio \u0161ire inicijative za promociju STEM podru\u010dja u lokalnim zajednicama te su pokazale kako se znanost mo\u017ee pribli\u017eiti djeci na njima razumljiv, zanimljiv i motiviraju\u0107i na\u010din.<\/p>\n<p data-start=\"1474\" data-end=\"1720\">Zahvaljujemo svim sudionicima, partnerima, volonterima i lokalnim organizatorima na podr\u0161ci i suradnji. Ovakvi doga\u0111aji potvr\u0111uju koliko je ulaganje u znanje i radoznalost djece ulaganje u budu\u0107nost \u2013 ne samo obrazovanja, ve\u0107 i dru\u0161tva u cjelini.<\/p>\n<p><em>Izneseni stavovi i mi\u0161ljenja samo su autorova i ne odra\u017eavaju nu\u017eno slu\u017ebena stajali\u0161ta Europske unije ili Europske komisije. Ni Europska unija ni Europska komisija ne mogu se smatrati odgovornima za njih.<\/em><\/p>\n<div class=\"x14z9mp xat24cr x1lziwak x1vvkbs xtlvy1s x126k92a\">\n<div dir=\"auto\"><em>Stajali\u0161ta izra\u017eena u ovoj publikaciji isklju\u010diva su odgovornost Institut za STEM edukaciju i afterschool programe i ne odra\u017eavaju nu\u017eno stajali\u0161te Ureda za udruge Vlade Republike Hrvatske.<\/em><\/div>\n<\/div>\n","protected":false},"excerpt":{"rendered":"<p>Krajem srpnja 2025., to\u010dnije 25.7.2025., kreativnost i znanost susreli su se na Kvarneru kroz dvije uspje\u0161no provedene aktivnosti koje promi\u010du STEM vrijednosti me\u0111u djecom i mladima. U inspirativnom prostoru Atelijea Vova u Voloskom, odr\u017eano je STEM natjecanje koje je privuklo brojne male znanstvenike i entuzijaste \u017eeljne izazova. Kroz pa\u017eljivo osmi\u0161ljene zadatke i poligone, djeca su [&hellip;]<\/p>\n","protected":false},"author":4,"featured_media":1353,"comment_status":"open","ping_status":"open","sticky":false,"template":"","format":"standard","meta":{"_et_pb_use_builder":"","_et_pb_old_content":"","_et_gb_content_width":"","footnotes":""},"categories":[2],"tags":[],"class_list":["post-1344","post","type-post","status-publish","format-standard","has-post-thumbnail","hentry","category-novosti"],"_links":{"self":[{"href":"https:\/\/www.stemzasve.eu\/index.php\/wp-json\/wp\/v2\/posts\/1344","targetHints":{"allow":["GET"]}}],"collection":[{"href":"https:\/\/www.stemzasve.eu\/index.php\/wp-json\/wp\/v2\/posts"}],"about":[{"href":"https:\/\/www.stemzasve.eu\/index.php\/wp-json\/wp\/v2\/types\/post"}],"author":[{"embeddable":true,"href":"https:\/\/www.stemzasve.eu\/index.php\/wp-json\/wp\/v2\/users\/4"}],"replies":[{"embeddable":true,"href":"https:\/\/www.stemzasve.eu\/index.php\/wp-json\/wp\/v2\/comments?post=1344"}],"version-history":[{"count":1,"href":"https:\/\/www.stemzasve.eu\/index.php\/wp-json\/wp\/v2\/posts\/1344\/revisions"}],"predecessor-version":[{"id":1354,"href":"https:\/\/www.stemzasve.eu\/index.php\/wp-json\/wp\/v2\/posts\/1344\/revisions\/1354"}],"wp:featuredmedia":[{"embeddable":true,"href":"https:\/\/www.stemzasve.eu\/index.php\/wp-json\/wp\/v2\/media\/1353"}],"wp:attachment":[{"href":"https:\/\/www.stemzasve.eu\/index.php\/wp-json\/wp\/v2\/media?parent=1344"}],"wp:term":[{"taxonomy":"category","embeddable":true,"href":"https:\/\/www.stemzasve.eu\/index.php\/wp-json\/wp\/v2\/categories?post=1344"},{"taxonomy":"post_tag","embeddable":true,"href":"https:\/\/www.stemzasve.eu\/index.php\/wp-json\/wp\/v2\/tags?post=1344"}],"curies":[{"name":"wp","href":"https:\/\/api.w.org\/{rel}","templated":true}]}}