{"id":1330,"date":"2025-07-16T20:21:48","date_gmt":"2025-07-16T18:21:48","guid":{"rendered":"https:\/\/www.stemzasve.eu\/?p=1330"},"modified":"2025-07-16T20:21:48","modified_gmt":"2025-07-16T18:21:48","slug":"stem-energija-u-viskovu-i-matuljima-nastavak-spektaruralnog-dana","status":"publish","type":"post","link":"https:\/\/www.stemzasve.eu\/index.php\/2025\/07\/16\/stem-energija-u-viskovu-i-matuljima-nastavak-spektaruralnog-dana\/","title":{"rendered":"STEM energija u Vi\u0161kovu i Matuljima: Nastavak SpektaRuralnog dana"},"content":{"rendered":"<p data-start=\"229\" data-end=\"446\">Projekt <em data-start=\"237\" data-end=\"261\">SpektaRuralni STEM dan<\/em> nastavlja svoj niz edukativnih radionica u <strong data-start=\"305\" data-end=\"337\">Primorsko-goranskoj \u017eupaniji<\/strong>, a nova STEM postaja dovela nas je u <strong data-start=\"375\" data-end=\"405\">Dje\u010dji vrti\u0107 Malik Vi\u0161kovo<\/strong> te <strong data-start=\"409\" data-end=\"433\">Dje\u010dji vrti\u0107 Matulji<\/strong> u Matuljima.<\/p>\n<p data-start=\"229\" data-end=\"446\"><img loading=\"lazy\" decoding=\"async\" class=\"alignnone size-medium wp-image-1333\" src=\"https:\/\/www.stemzasve.eu\/wp-content\/uploads\/2025\/07\/03-6-240x300.png\" alt=\"\" width=\"240\" height=\"300\" \/> <img loading=\"lazy\" decoding=\"async\" class=\"alignnone size-medium wp-image-1332\" src=\"https:\/\/www.stemzasve.eu\/wp-content\/uploads\/2025\/07\/02-8-240x300.png\" alt=\"\" width=\"240\" height=\"300\" \/><\/p>\n<p data-start=\"448\" data-end=\"841\">U oba vrti\u0107a djeca su s odu\u0161evljenjem uronila u svijet otkrivanja, istra\u017eivanja i u\u010denja kroz igru. Kroz pa\u017eljivo osmi\u0161ljene aktivnosti, mali\u0161ani su se upoznali s osnovnim STEM pojmovima i vje\u0161tinama na njima pristupa\u010dan i zabavan na\u010din. Radionice su bile usmjerene na poticanje znati\u017eelje, logi\u010dkog razmi\u0161ljanja i kreativnog pristupa rje\u0161avanju zadataka sve kroz igru, pokret i zajedni\u0161tvo.<\/p>\n<p data-start=\"448\" data-end=\"841\"><img loading=\"lazy\" decoding=\"async\" class=\"alignnone size-medium wp-image-1335\" src=\"https:\/\/www.stemzasve.eu\/wp-content\/uploads\/2025\/07\/02-9-240x300.png\" alt=\"\" width=\"240\" height=\"300\" \/> <img loading=\"lazy\" decoding=\"async\" class=\"alignnone size-medium wp-image-1336\" src=\"https:\/\/www.stemzasve.eu\/wp-content\/uploads\/2025\/07\/03-7-240x300.png\" alt=\"\" width=\"240\" height=\"300\" \/><\/p>\n<p data-start=\"843\" data-end=\"1049\">Kao i uvijek, naglasak je bio na <strong data-start=\"876\" data-end=\"910\">inkluzivnosti i pristupa\u010dnosti<\/strong>, \u010dime osiguravamo da svako dijete, bez obzira na svoje individualne potrebe ili predznanje, ima priliku sudjelovati, u\u010diti i razvijati se.<\/p>\n<p data-start=\"843\" data-end=\"1049\"><img loading=\"lazy\" decoding=\"async\" class=\"alignnone size-medium wp-image-1334\" src=\"https:\/\/www.stemzasve.eu\/wp-content\/uploads\/2025\/07\/01-6-300x251.png\" alt=\"\" width=\"300\" height=\"251\" \/><\/p>\n<p data-start=\"1051\" data-end=\"1241\">Zahvaljujemo odgojiteljima i vodstvu <strong data-start=\"1088\" data-end=\"1100\">DV Malik<\/strong> i <strong data-start=\"1103\" data-end=\"1117\">DV Matulji<\/strong> na gostoprimstvu i podr\u0161ci u provedbi aktivnosti, te na prepoznavanju va\u017enosti STEM sadr\u017eaja u ranom i pred\u0161kolskom odgoju.<\/p>\n<p data-start=\"1243\" data-end=\"1398\"><em data-start=\"1243\" data-end=\"1267\">SpektaRuralni STEM dan<\/em> i dalje \u0161iri STEM veselje diljem \u017eupanije, ostanite s nama i pratite gdje nas sljede\u0107e vode mali koraci znati\u017eeljnih istra\u017eiva\u010da!<\/p>\n<p><em>Izneseni stavovi i mi\u0161ljenja samo su autorova i ne odra\u017eavaju nu\u017eno slu\u017ebena stajali\u0161ta Europske unije ili Europske komisije. Ni Europska unija ni Europska komisija ne mogu se smatrati odgovornima za njih.<\/em><\/p>\n<div class=\"x14z9mp xat24cr x1lziwak x1vvkbs xtlvy1s x126k92a\">\n<div dir=\"auto\"><em>Stajali\u0161ta izra\u017eena u ovoj publikaciji isklju\u010diva su odgovornost Institut za STEM edukaciju i afterschool programe i ne odra\u017eavaju nu\u017eno stajali\u0161te Ureda za udruge Vlade Republike Hrvatske.<\/em><\/div>\n<\/div>\n","protected":false},"excerpt":{"rendered":"<p>Projekt SpektaRuralni STEM dan nastavlja svoj niz edukativnih radionica u Primorsko-goranskoj \u017eupaniji, a nova STEM postaja dovela nas je u Dje\u010dji vrti\u0107 Malik Vi\u0161kovo te Dje\u010dji vrti\u0107 Matulji u Matuljima. U oba vrti\u0107a djeca su s odu\u0161evljenjem uronila u svijet otkrivanja, istra\u017eivanja i u\u010denja kroz igru. Kroz pa\u017eljivo osmi\u0161ljene aktivnosti, mali\u0161ani su se upoznali s [&hellip;]<\/p>\n","protected":false},"author":4,"featured_media":1331,"comment_status":"open","ping_status":"open","sticky":false,"template":"","format":"standard","meta":{"_et_pb_use_builder":"","_et_pb_old_content":"","_et_gb_content_width":"","footnotes":""},"categories":[2],"tags":[],"class_list":["post-1330","post","type-post","status-publish","format-standard","has-post-thumbnail","hentry","category-novosti"],"_links":{"self":[{"href":"https:\/\/www.stemzasve.eu\/index.php\/wp-json\/wp\/v2\/posts\/1330","targetHints":{"allow":["GET"]}}],"collection":[{"href":"https:\/\/www.stemzasve.eu\/index.php\/wp-json\/wp\/v2\/posts"}],"about":[{"href":"https:\/\/www.stemzasve.eu\/index.php\/wp-json\/wp\/v2\/types\/post"}],"author":[{"embeddable":true,"href":"https:\/\/www.stemzasve.eu\/index.php\/wp-json\/wp\/v2\/users\/4"}],"replies":[{"embeddable":true,"href":"https:\/\/www.stemzasve.eu\/index.php\/wp-json\/wp\/v2\/comments?post=1330"}],"version-history":[{"count":1,"href":"https:\/\/www.stemzasve.eu\/index.php\/wp-json\/wp\/v2\/posts\/1330\/revisions"}],"predecessor-version":[{"id":1337,"href":"https:\/\/www.stemzasve.eu\/index.php\/wp-json\/wp\/v2\/posts\/1330\/revisions\/1337"}],"wp:featuredmedia":[{"embeddable":true,"href":"https:\/\/www.stemzasve.eu\/index.php\/wp-json\/wp\/v2\/media\/1331"}],"wp:attachment":[{"href":"https:\/\/www.stemzasve.eu\/index.php\/wp-json\/wp\/v2\/media?parent=1330"}],"wp:term":[{"taxonomy":"category","embeddable":true,"href":"https:\/\/www.stemzasve.eu\/index.php\/wp-json\/wp\/v2\/categories?post=1330"},{"taxonomy":"post_tag","embeddable":true,"href":"https:\/\/www.stemzasve.eu\/index.php\/wp-json\/wp\/v2\/tags?post=1330"}],"curies":[{"name":"wp","href":"https:\/\/api.w.org\/{rel}","templated":true}]}}