{"id":1297,"date":"2025-07-11T17:16:31","date_gmt":"2025-07-11T15:16:31","guid":{"rendered":"https:\/\/www.stemzasve.eu\/?p=1297"},"modified":"2025-07-11T17:16:31","modified_gmt":"2025-07-11T15:16:31","slug":"spektaruralni-stem-dan-u-zagrebu-mali-znanstvenici-u-vrticu-petar-pan","status":"publish","type":"post","link":"https:\/\/www.stemzasve.eu\/index.php\/2025\/07\/11\/spektaruralni-stem-dan-u-zagrebu-mali-znanstvenici-u-vrticu-petar-pan\/","title":{"rendered":"SpektaRuralni STEM dan u Zagrebu: Mali znanstvenici u vrti\u0107u Petar Pan"},"content":{"rendered":"<p>U petak, <strong data-start=\"183\" data-end=\"203\">11. srpnja 2025.<\/strong>, u sklopu projekta <em data-start=\"223\" data-end=\"247\">SpektaRuralni STEM dan<\/em> odr\u017eana je radionica u <strong data-start=\"271\" data-end=\"299\">Dje\u010djem vrti\u0107u Petar Pan<\/strong> u Zagrebu. Ova radionica bila je jo\u0161 jedan korak u nastojanju da se STEM znanja i vje\u0161tine u\u010dine pristupa\u010dnima djeci od najranije dobi \u2013 bez obzira na to \u017eive li u urbanim ili ruralnim sredinama.<\/p>\n<p><img loading=\"lazy\" decoding=\"async\" class=\"alignnone size-medium wp-image-1300\" src=\"https:\/\/www.stemzasve.eu\/wp-content\/uploads\/2025\/07\/01-2-300x251.png\" alt=\"\" width=\"300\" height=\"251\" \/> <img loading=\"lazy\" decoding=\"async\" class=\"alignnone size-medium wp-image-1301\" src=\"https:\/\/www.stemzasve.eu\/wp-content\/uploads\/2025\/07\/02-2-240x300.png\" alt=\"\" width=\"240\" height=\"300\" \/><\/p>\n<p data-start=\"826\" data-end=\"1029\">Kao i uvijek, <strong data-start=\"840\" data-end=\"856\">inkluzivnost<\/strong> je bila va\u017ean element aktivnosti \u2013 svi sadr\u017eaji bili su prilago\u0111eni razli\u010ditim potrebama djece, kako bi svako dijete moglo aktivno sudjelovati, istra\u017eivati i izra\u017eavati se.<\/p>\n<p data-start=\"826\" data-end=\"1029\"><img loading=\"lazy\" decoding=\"async\" class=\"alignnone size-medium wp-image-1303\" src=\"https:\/\/www.stemzasve.eu\/wp-content\/uploads\/2025\/07\/04-2-240x300.png\" alt=\"\" width=\"240\" height=\"300\" \/> <img loading=\"lazy\" decoding=\"async\" class=\"alignnone size-medium wp-image-1302\" src=\"https:\/\/www.stemzasve.eu\/wp-content\/uploads\/2025\/07\/03-2-240x300.png\" alt=\"\" width=\"240\" height=\"300\" \/><\/p>\n<p data-start=\"1031\" data-end=\"1215\">Zahvaljujemo <strong data-start=\"1044\" data-end=\"1072\">Dje\u010djem vrti\u0107u Petar Pan<\/strong> na srda\u010dnom prijemu i suradnji, a djeci na iskrenom entuzijazmu kojim su pokazali da STEM uistinu mo\u017ee biti zabavan, razumljiv i inspirativan.<\/p>\n<p data-start=\"1217\" data-end=\"1394\">Projekt <em data-start=\"1225\" data-end=\"1249\">SpektaRuralni STEM dan<\/em> nastavlja se i dalje, donose\u0107i STEM iskustva djeci u vrti\u0107ima i \u0161kolama diljem Hrvatske jer <strong>znanost, tehnologija i kreativnost nemaju granica!<\/strong><\/p>\n<p data-start=\"1217\" data-end=\"1394\">\n<p><em>Izneseni stavovi i mi\u0161ljenja samo su autorova i ne odra\u017eavaju nu\u017eno slu\u017ebena stajali\u0161ta Europske unije ili Europske komisije. Ni Europska unija ni Europska komisija ne mogu se smatrati odgovornima za njih.<\/em><\/p>\n<div class=\"x14z9mp xat24cr x1lziwak x1vvkbs xtlvy1s x126k92a\">\n<div dir=\"auto\"><\/div>\n<div dir=\"auto\"><\/div>\n<\/div>\n<div class=\"x14z9mp xat24cr x1lziwak x1vvkbs xtlvy1s x126k92a\">\n<div dir=\"auto\"><em>Stajali\u0161ta izra\u017eena u ovoj publikaciji isklju\u010diva su odgovornost Institut za STEM edukaciju i afterschool programe i ne odra\u017eavaju nu\u017eno stajali\u0161te Ureda za udruge Vlade Republike Hrvatske.<\/em><\/div>\n<\/div>\n<p>&nbsp;<\/p>\n","protected":false},"excerpt":{"rendered":"<p>U petak, 11. srpnja 2025., u sklopu projekta SpektaRuralni STEM dan odr\u017eana je radionica u Dje\u010djem vrti\u0107u Petar Pan u Zagrebu. Ova radionica bila je jo\u0161 jedan korak u nastojanju da se STEM znanja i vje\u0161tine u\u010dine pristupa\u010dnima djeci od najranije dobi \u2013 bez obzira na to \u017eive li u urbanim ili ruralnim sredinama. Kao [&hellip;]<\/p>\n","protected":false},"author":4,"featured_media":1298,"comment_status":"open","ping_status":"open","sticky":false,"template":"","format":"standard","meta":{"_et_pb_use_builder":"","_et_pb_old_content":"","_et_gb_content_width":"","footnotes":""},"categories":[2],"tags":[],"class_list":["post-1297","post","type-post","status-publish","format-standard","has-post-thumbnail","hentry","category-novosti"],"_links":{"self":[{"href":"https:\/\/www.stemzasve.eu\/index.php\/wp-json\/wp\/v2\/posts\/1297","targetHints":{"allow":["GET"]}}],"collection":[{"href":"https:\/\/www.stemzasve.eu\/index.php\/wp-json\/wp\/v2\/posts"}],"about":[{"href":"https:\/\/www.stemzasve.eu\/index.php\/wp-json\/wp\/v2\/types\/post"}],"author":[{"embeddable":true,"href":"https:\/\/www.stemzasve.eu\/index.php\/wp-json\/wp\/v2\/users\/4"}],"replies":[{"embeddable":true,"href":"https:\/\/www.stemzasve.eu\/index.php\/wp-json\/wp\/v2\/comments?post=1297"}],"version-history":[{"count":2,"href":"https:\/\/www.stemzasve.eu\/index.php\/wp-json\/wp\/v2\/posts\/1297\/revisions"}],"predecessor-version":[{"id":1304,"href":"https:\/\/www.stemzasve.eu\/index.php\/wp-json\/wp\/v2\/posts\/1297\/revisions\/1304"}],"wp:featuredmedia":[{"embeddable":true,"href":"https:\/\/www.stemzasve.eu\/index.php\/wp-json\/wp\/v2\/media\/1298"}],"wp:attachment":[{"href":"https:\/\/www.stemzasve.eu\/index.php\/wp-json\/wp\/v2\/media?parent=1297"}],"wp:term":[{"taxonomy":"category","embeddable":true,"href":"https:\/\/www.stemzasve.eu\/index.php\/wp-json\/wp\/v2\/categories?post=1297"},{"taxonomy":"post_tag","embeddable":true,"href":"https:\/\/www.stemzasve.eu\/index.php\/wp-json\/wp\/v2\/tags?post=1297"}],"curies":[{"name":"wp","href":"https:\/\/api.w.org\/{rel}","templated":true}]}}