{"id":1261,"date":"2025-06-27T21:01:16","date_gmt":"2025-06-27T19:01:16","guid":{"rendered":"https:\/\/www.stemzasve.eu\/?p=1261"},"modified":"2025-06-27T21:06:37","modified_gmt":"2025-06-27T19:06:37","slug":"stem-stand-u-jesenju-privukao-male-znanstvenike","status":"publish","type":"post","link":"https:\/\/www.stemzasve.eu\/index.php\/2025\/06\/27\/stem-stand-u-jesenju-privukao-male-znanstvenike\/","title":{"rendered":"STEM \u0161tand u Jesenju privukao male znanstvenike"},"content":{"rendered":"<p data-start=\"174\" data-end=\"372\">U petak, <strong data-start=\"183\" data-end=\"203\">27. lipnja 2025.<\/strong>, u prostoru <strong data-start=\"216\" data-end=\"249\">Doma kulture u op\u0107ini Jesenje<\/strong> (Krapinsko-zagorska \u017eupanija), odr\u017ean je <strong data-start=\"291\" data-end=\"305\">STEM \u0161tand<\/strong> koji je okupio brojne mali\u0161ane \u017eeljne istra\u017eivanja, igre i u\u010denja.<\/p>\n<p data-start=\"174\" data-end=\"372\"><img loading=\"lazy\" decoding=\"async\" class=\"alignnone size-medium wp-image-1262\" src=\"https:\/\/www.stemzasve.eu\/wp-content\/uploads\/2025\/06\/01-13-240x300.png\" alt=\"\" width=\"240\" height=\"300\" \/> <img loading=\"lazy\" decoding=\"async\" class=\"alignnone size-medium wp-image-1263\" src=\"https:\/\/www.stemzasve.eu\/wp-content\/uploads\/2025\/06\/02-15-240x300.png\" alt=\"\" width=\"240\" height=\"300\" \/> <img loading=\"lazy\" decoding=\"async\" class=\"alignnone size-medium wp-image-1264\" src=\"https:\/\/www.stemzasve.eu\/wp-content\/uploads\/2025\/06\/03-15-240x300.png\" alt=\"\" width=\"240\" height=\"300\" \/><\/p>\n<p data-start=\"374\" data-end=\"702\">Djeca su kroz interaktivne i zabavne aktivnosti imala priliku upoznati se s osnovama znanosti, tehnologije, in\u017eenjerstva i matematike. Kroz razne edukativne sadr\u017eaje i prakti\u010dne izazove, mali sudionici su razvijali logi\u010dko razmi\u0161ljanje, kreativnost i suradni\u010dke vje\u0161tine \u2013 sve to uz puno smijeha, uzbu\u0111enja i pozitivne energije.<\/p>\n<p data-start=\"374\" data-end=\"702\"><img loading=\"lazy\" decoding=\"async\" class=\"alignnone size-medium wp-image-1268\" src=\"https:\/\/www.stemzasve.eu\/wp-content\/uploads\/2025\/06\/07-4-240x300.png\" alt=\"\" width=\"240\" height=\"300\" \/> <img loading=\"lazy\" decoding=\"async\" class=\"alignnone size-medium wp-image-1267\" src=\"https:\/\/www.stemzasve.eu\/wp-content\/uploads\/2025\/06\/06-6-240x300.png\" alt=\"\" width=\"240\" height=\"300\" \/> <img loading=\"lazy\" decoding=\"async\" class=\"alignnone size-medium wp-image-1265\" src=\"https:\/\/www.stemzasve.eu\/wp-content\/uploads\/2025\/06\/04-12-240x300.png\" alt=\"\" width=\"240\" height=\"300\" \/><\/p>\n<p data-start=\"704\" data-end=\"914\">Doga\u0111aj je svojim dolaskom podr\u017eao i <strong data-start=\"741\" data-end=\"808\">na\u010delnik Op\u0107ine Jesenje, gospodin Dario Cvrtila, mag. rel. int.<\/strong>, \u010dije je prisustvo dodatno naglasilo va\u017enost ulaganja u rani razvoj djece i popularizaciju STEM podru\u010dja.<\/p>\n<p data-start=\"704\" data-end=\"914\"><img loading=\"lazy\" decoding=\"async\" class=\"alignnone size-medium wp-image-1269\" src=\"https:\/\/www.stemzasve.eu\/wp-content\/uploads\/2025\/06\/08-3-240x300.png\" alt=\"\" width=\"240\" height=\"300\" \/> <img loading=\"lazy\" decoding=\"async\" class=\"alignnone size-medium wp-image-1266\" src=\"https:\/\/www.stemzasve.eu\/wp-content\/uploads\/2025\/06\/05-6-240x300.png\" alt=\"\" width=\"240\" height=\"300\" \/><\/p>\n<p data-start=\"916\" data-end=\"1104\">Zahvaljujemo svim sudionicima, roditeljima, organizatorima i Op\u0107ini Jesenje na podr\u0161ci i uspje\u0161noj provedbi aktivnosti. Veselimo se novim susretima i nastavku STEM avantura!<\/p>\n<p><em>Izneseni stavovi i mi\u0161ljenja samo su autorova i ne odra\u017eavaju nu\u017eno slu\u017ebena stajali\u0161ta Europske unije ili Europske komisije.\u00a0<\/em><em>Ni Europska unija ni Europska komisija ne mogu se smatrati odgovornima za njih.<\/em><\/p>\n<p><em>Stajali\u0161ta izra\u017eena u ovoj publikaciji isklju\u010diva su odgovornost Institut za STEM edukaciju i afterschool programe i ne odra\u017eavaju\u00a0<\/em><em>nu\u017eno stajali\u0161te Ureda za udruge Vlade Republike Hrvatske.<\/em><\/p>\n","protected":false},"excerpt":{"rendered":"<p>U petak, 27. lipnja 2025., u prostoru Doma kulture u op\u0107ini Jesenje (Krapinsko-zagorska \u017eupanija), odr\u017ean je STEM \u0161tand koji je okupio brojne mali\u0161ane \u017eeljne istra\u017eivanja, igre i u\u010denja. Djeca su kroz interaktivne i zabavne aktivnosti imala priliku upoznati se s osnovama znanosti, tehnologije, in\u017eenjerstva i matematike. Kroz razne edukativne sadr\u017eaje i prakti\u010dne izazove, mali sudionici [&hellip;]<\/p>\n","protected":false},"author":4,"featured_media":1270,"comment_status":"open","ping_status":"open","sticky":false,"template":"","format":"standard","meta":{"_et_pb_use_builder":"","_et_pb_old_content":"","_et_gb_content_width":"","footnotes":""},"categories":[2],"tags":[],"class_list":["post-1261","post","type-post","status-publish","format-standard","has-post-thumbnail","hentry","category-novosti"],"_links":{"self":[{"href":"https:\/\/www.stemzasve.eu\/index.php\/wp-json\/wp\/v2\/posts\/1261","targetHints":{"allow":["GET"]}}],"collection":[{"href":"https:\/\/www.stemzasve.eu\/index.php\/wp-json\/wp\/v2\/posts"}],"about":[{"href":"https:\/\/www.stemzasve.eu\/index.php\/wp-json\/wp\/v2\/types\/post"}],"author":[{"embeddable":true,"href":"https:\/\/www.stemzasve.eu\/index.php\/wp-json\/wp\/v2\/users\/4"}],"replies":[{"embeddable":true,"href":"https:\/\/www.stemzasve.eu\/index.php\/wp-json\/wp\/v2\/comments?post=1261"}],"version-history":[{"count":3,"href":"https:\/\/www.stemzasve.eu\/index.php\/wp-json\/wp\/v2\/posts\/1261\/revisions"}],"predecessor-version":[{"id":1273,"href":"https:\/\/www.stemzasve.eu\/index.php\/wp-json\/wp\/v2\/posts\/1261\/revisions\/1273"}],"wp:featuredmedia":[{"embeddable":true,"href":"https:\/\/www.stemzasve.eu\/index.php\/wp-json\/wp\/v2\/media\/1270"}],"wp:attachment":[{"href":"https:\/\/www.stemzasve.eu\/index.php\/wp-json\/wp\/v2\/media?parent=1261"}],"wp:term":[{"taxonomy":"category","embeddable":true,"href":"https:\/\/www.stemzasve.eu\/index.php\/wp-json\/wp\/v2\/categories?post=1261"},{"taxonomy":"post_tag","embeddable":true,"href":"https:\/\/www.stemzasve.eu\/index.php\/wp-json\/wp\/v2\/tags?post=1261"}],"curies":[{"name":"wp","href":"https:\/\/api.w.org\/{rel}","templated":true}]}}