{"id":1173,"date":"2025-06-24T17:56:21","date_gmt":"2025-06-24T15:56:21","guid":{"rendered":"https:\/\/www.stemzasve.eu\/?p=1173"},"modified":"2025-06-24T17:56:21","modified_gmt":"2025-06-24T15:56:21","slug":"stem-radionice-donijele-osmijehe-i-nova-znanja-djeci-u-stubici-mariji-bistrici-i-pregradi","status":"publish","type":"post","link":"https:\/\/www.stemzasve.eu\/index.php\/2025\/06\/24\/stem-radionice-donijele-osmijehe-i-nova-znanja-djeci-u-stubici-mariji-bistrici-i-pregradi\/","title":{"rendered":"STEM radionice donijele osmijehe i nova znanja djeci u Stubici, Mariji Bistrici i Pregradi"},"content":{"rendered":"<p data-start=\"180\" data-end=\"472\">U okviru projekta <em data-start=\"198\" data-end=\"222\">SpektaRuralni STEM dan<\/em>, dana <strong data-start=\"229\" data-end=\"249\">24. lipnja 2025.<\/strong> odr\u017eane su radionice u tri dje\u010dja vrti\u0107a na podru\u010dju Krapinsko-zagorske \u017eupanije \u2013 <strong data-start=\"333\" data-end=\"360\">Dje\u010djem vrti\u0107u Bubamara<\/strong> u Donjoj Stubici, <strong data-start=\"379\" data-end=\"406\">Dje\u010djem vrti\u0107u &#8220;Pu\u0161lek&#8221;<\/strong> u Mariji Bistrici te <strong data-start=\"428\" data-end=\"460\">Dje\u010djem vrti\u0107u \u201eNa\u0161a radost\u201c<\/strong> u Pregradi.<\/p>\n<p data-start=\"180\" data-end=\"472\">\u00a0<img loading=\"lazy\" decoding=\"async\" class=\"alignnone size-medium wp-image-1177\" src=\"https:\/\/www.stemzasve.eu\/wp-content\/uploads\/2025\/06\/02-4-300x251.png\" alt=\"\" width=\"300\" height=\"251\" \/> <img loading=\"lazy\" decoding=\"async\" class=\"alignnone size-medium wp-image-1178\" src=\"https:\/\/www.stemzasve.eu\/wp-content\/uploads\/2025\/06\/03-4-240x300.png\" alt=\"\" width=\"240\" height=\"300\" \/> <img loading=\"lazy\" decoding=\"async\" class=\"alignnone size-medium wp-image-1179\" src=\"https:\/\/www.stemzasve.eu\/wp-content\/uploads\/2025\/06\/04-4-240x300.png\" alt=\"\" width=\"240\" height=\"300\" \/><\/p>\n<p data-start=\"474\" data-end=\"736\">Kroz stru\u010dno osmi\u0161ljene i pa\u017eljivo vo\u0111ene aktivnosti, djeca su se imala priliku upoznati sa STEM konceptima kroz zabavu, istra\u017eivanje i zajedni\u010dki rad. Iako su sadr\u017eaji bili edukativni, atmosfera radionica bila je ispunjena smijehom, znati\u017eeljom i odu\u0161evljenjem.<\/p>\n<p data-start=\"474\" data-end=\"736\">\u00a0<img loading=\"lazy\" decoding=\"async\" class=\"alignnone size-medium wp-image-1181\" src=\"https:\/\/www.stemzasve.eu\/wp-content\/uploads\/2025\/06\/02-5-300x251.png\" alt=\"\" width=\"300\" height=\"251\" \/> <img loading=\"lazy\" decoding=\"async\" class=\"alignnone size-medium wp-image-1182\" src=\"https:\/\/www.stemzasve.eu\/wp-content\/uploads\/2025\/06\/03-5-240x300.png\" alt=\"\" width=\"240\" height=\"300\" \/> <img loading=\"lazy\" decoding=\"async\" class=\"alignnone size-medium wp-image-1183\" src=\"https:\/\/www.stemzasve.eu\/wp-content\/uploads\/2025\/06\/04-5-240x300.png\" alt=\"\" width=\"240\" height=\"300\" \/><\/p>\n<p data-start=\"738\" data-end=\"1065\">Poseban naglasak bio je stavljen na <strong data-start=\"774\" data-end=\"812\">inkluzivnost i prilagodbu sadr\u017eaja<\/strong>, kako bi se omogu\u0107ilo aktivno sudjelovanje sve djece, neovisno o individualnim sposobnostima ili razvojnim specifi\u010dnostima. Kroz igru i interakciju, mali sudionici razvijali su osnovne vje\u0161tine kriti\u010dkog razmi\u0161ljanja, suradnje i logi\u010dkog zaklju\u010divanja.<\/p>\n<p data-start=\"738\" data-end=\"1065\"><img loading=\"lazy\" decoding=\"async\" class=\"alignnone size-medium wp-image-1184\" src=\"https:\/\/www.stemzasve.eu\/wp-content\/uploads\/2025\/06\/01-4-240x300.png\" alt=\"\" width=\"240\" height=\"300\" \/> <img loading=\"lazy\" decoding=\"async\" class=\"alignnone size-medium wp-image-1185\" src=\"https:\/\/www.stemzasve.eu\/wp-content\/uploads\/2025\/06\/02-6-240x300.png\" alt=\"\" width=\"240\" height=\"300\" \/> <img loading=\"lazy\" decoding=\"async\" class=\"alignnone size-medium wp-image-1186\" src=\"https:\/\/www.stemzasve.eu\/wp-content\/uploads\/2025\/06\/03-6-240x300.png\" alt=\"\" width=\"240\" height=\"300\" \/><\/p>\n<p data-start=\"1067\" data-end=\"1391\">Ove radionice jo\u0161 su jedan korak u realizaciji cilja projekta <em data-start=\"1129\" data-end=\"1153\">SpektaRuralni STEM dan<\/em> \u2013 pribli\u017eavanje STEM sadr\u017eaja djeci u ruralnim sredinama diljem Hrvatske. Reakcije djece i odgojitelja potvr\u0111uju vrijednost i va\u017enost ovakvih inicijativa koje spajaju suvremene tehnologije s pristupom prilago\u0111enim djeci pred\u0161kolske dobi.<\/p>\n<p data-start=\"1393\" data-end=\"1494\"><strong>Projekt se nastavlja diljem zemlje, a mi se veselimo novim susretima i prilikama za u\u010denje kroz igru!<\/strong><\/p>\n<p><em>Izneseni stavovi i mi\u0161ljenja samo su autorova i ne odra\u017eavaju nu\u017eno slu\u017ebena stajali\u0161ta Europske unije ili Europske komisije.\u00a0<\/em><em>Ni Europska unija ni Europska komisija ne mogu se smatrati odgovornima za njih.<\/em><\/p>\n<p><em>Stajali\u0161ta izra\u017eena u ovoj publikaciji isklju\u010diva su odgovornost Institut za STEM edukaciju i afterschool programe i ne odra\u017eavaju\u00a0<\/em><em>nu\u017eno stajali\u0161te Ureda za udruge Vlade Republike Hrvatske.<\/em><\/p>\n","protected":false},"excerpt":{"rendered":"<p>U okviru projekta SpektaRuralni STEM dan, dana 24. lipnja 2025. odr\u017eane su radionice u tri dje\u010dja vrti\u0107a na podru\u010dju Krapinsko-zagorske \u017eupanije \u2013 Dje\u010djem vrti\u0107u Bubamara u Donjoj Stubici, Dje\u010djem vrti\u0107u &#8220;Pu\u0161lek&#8221; u Mariji Bistrici te Dje\u010djem vrti\u0107u \u201eNa\u0161a radost\u201c u Pregradi. \u00a0 Kroz stru\u010dno osmi\u0161ljene i pa\u017eljivo vo\u0111ene aktivnosti, djeca su se imala priliku upoznati [&hellip;]<\/p>\n","protected":false},"author":4,"featured_media":1174,"comment_status":"open","ping_status":"open","sticky":false,"template":"","format":"standard","meta":{"_et_pb_use_builder":"","_et_pb_old_content":"","_et_gb_content_width":"","footnotes":""},"categories":[2],"tags":[],"class_list":["post-1173","post","type-post","status-publish","format-standard","has-post-thumbnail","hentry","category-novosti"],"_links":{"self":[{"href":"https:\/\/www.stemzasve.eu\/index.php\/wp-json\/wp\/v2\/posts\/1173","targetHints":{"allow":["GET"]}}],"collection":[{"href":"https:\/\/www.stemzasve.eu\/index.php\/wp-json\/wp\/v2\/posts"}],"about":[{"href":"https:\/\/www.stemzasve.eu\/index.php\/wp-json\/wp\/v2\/types\/post"}],"author":[{"embeddable":true,"href":"https:\/\/www.stemzasve.eu\/index.php\/wp-json\/wp\/v2\/users\/4"}],"replies":[{"embeddable":true,"href":"https:\/\/www.stemzasve.eu\/index.php\/wp-json\/wp\/v2\/comments?post=1173"}],"version-history":[{"count":4,"href":"https:\/\/www.stemzasve.eu\/index.php\/wp-json\/wp\/v2\/posts\/1173\/revisions"}],"predecessor-version":[{"id":1190,"href":"https:\/\/www.stemzasve.eu\/index.php\/wp-json\/wp\/v2\/posts\/1173\/revisions\/1190"}],"wp:featuredmedia":[{"embeddable":true,"href":"https:\/\/www.stemzasve.eu\/index.php\/wp-json\/wp\/v2\/media\/1174"}],"wp:attachment":[{"href":"https:\/\/www.stemzasve.eu\/index.php\/wp-json\/wp\/v2\/media?parent=1173"}],"wp:term":[{"taxonomy":"category","embeddable":true,"href":"https:\/\/www.stemzasve.eu\/index.php\/wp-json\/wp\/v2\/categories?post=1173"},{"taxonomy":"post_tag","embeddable":true,"href":"https:\/\/www.stemzasve.eu\/index.php\/wp-json\/wp\/v2\/tags?post=1173"}],"curies":[{"name":"wp","href":"https:\/\/api.w.org\/{rel}","templated":true}]}}